{"id":1924,"date":"2022-02-25T12:11:40","date_gmt":"2022-02-25T11:11:40","guid":{"rendered":"https:\/\/myopianetwork.eu\/krotkowzrocznosc-rodzicielska-a-krotkowzrocznosc-dzieci\/"},"modified":"2022-02-25T12:11:40","modified_gmt":"2022-02-25T11:11:40","slug":"krotkowzrocznosc-rodzicielska-a-krotkowzrocznosc-dzieci","status":"publish","type":"post","link":"https:\/\/myopianetwork.eu\/pl\/krotkowzrocznosc-rodzicielska-a-krotkowzrocznosc-dzieci\/","title":{"rendered":"Kr\u00f3tkowzroczno\u015b\u0107 rodzicielska, a kr\u00f3tkowzroczno\u015b\u0107 dzieci"},"content":{"rendered":"<h3 class=\"Default\"><span style=\"font-size: 11.5pt;\">Materia\u0142 opracowany w ramach projektu <\/span><span style=\"font-size: 11.5pt;\">pt.: <em>Kampania<\/em><i> edukacyjna &#8220;Miopia &#8211; rozw\u00f3j wiedzy na temat kr\u00f3tkowzroczno\u015bci&#8221;, wsp\u00f3\u0142finansowanego przez Ministerstwo Edukacji i Nauki <\/i><\/span> <\/h3>\n<p><img loading=\"lazy\" decoding=\"async\" class=\"alignnone wp-image-885 size-full\" src=\"http:\/\/myopianetwork.eu\/wp-content\/uploads\/2022\/12\/SON_Logotypy.png\" alt=\"Logotypy\" width=\"1280\" height=\"270\" srcset=\"https:\/\/myopianetwork.eu\/wp-content\/uploads\/2022\/12\/SON_Logotypy.png 1280w, https:\/\/myopianetwork.eu\/wp-content\/uploads\/2022\/12\/SON_Logotypy-300x63.png 300w, https:\/\/myopianetwork.eu\/wp-content\/uploads\/2022\/12\/SON_Logotypy-1024x216.png 1024w\" sizes=\"auto, (max-width: 1280px) 100vw, 1280px\" \/><\/p>\n<p><strong>Od dawna wiadomo, \u017ce kr\u00f3tkowzroczno\u015b\u0107 rodzic\u00f3w zwi\u0119ksza ryzyko wyst\u0105pienia kr\u00f3tkowzroczno\u015bci u dzieci, szczeg\u00f3lnie u rodzic\u00f3w z wysok\u0105 kr\u00f3tkowzroczno\u015bci\u0105. Do tej pory nie uda\u0142o si\u0119 jednak okre\u015bli\u0107 jednego genu kr\u00f3tkowzroczno\u015bci, kt\u00f3ry determinowa\u0142by jej rozw\u00f3j u dzieci. Ponadto w ostatnich latach pojawi\u0142y si\u0119 w\u0105tpliwo\u015bci, czy to nie styl \u017cycia rodzic\u00f3w determinuj\u0105c styl \u017cycia dziecka ma podobnie wa\u017cny wp\u0142yw jak czynniki genetyczne. Wiadomo, i\u017c dzieci rodzic\u00f3w z wy\u017cszym wykszta\u0142ceniem cz\u0119\u015bciej maj\u0105 wy\u017csze wykszta\u0142cenie oraz dzieci rodzic\u00f3w, kt\u00f3rzy du\u017co czytaj\u0105 tez wi\u0119cej czytaj\u0105 ni\u017c ich r\u00f3wie\u015bnicy. Dlatego cz\u0119sto trudniej jest odr\u00f3\u017cni\u0107 wp\u0142ywy \u015brodowiskowe od wp\u0142yw\u00f3w genetycznych. Tematyka jest ci\u0105gle bardzo wa\u017cna i jest przedmiotem wielu bada\u0144 naukowych.     <\/strong><\/p>\n<p>W badaniu wzi\u0119\u0142o udzia\u0142 6155 os\u00f3b, czyli 2055 rodzin (rodzice i dziecko) [1]. Dzieciom wykonano pomiar wady wzroku za pomoc\u0105 autrefraktometru po cykloplegii, czyli pora\u017caniu akomodacji. Rodzice zostali przebadani tak\u017ce za pomoc\u0105 autorefraktometru bez cykloplegii. W kwestionariuszu zbierano informacje dotycz\u0105ce wykszta\u0142cenia rodzic\u00f3w oraz czasu kt\u00f3re dziecko sp\u0119dza na zewn\u0105trz i na zaj\u0119ciach z bliska.<br \/>\n\u0141agodna <a href=\"\/krotkowzrocznosc\/\">kr\u00f3tkowzroczno\u015b\u0107<\/a> rodzic\u00f3w nie wp\u0142ywa\u0142a na kr\u00f3tkowzroczno\u015b\u0107 dzieci. W przypadku gdy oboje rodzice mieli wysok\u0105 kr\u00f3tkowzroczno\u015b\u0107 prawdopodobie\u0144stwo wyst\u0105pienia kr\u00f3tkowzroczno\u015bci u dziecka by\u0142o 11 razy wi\u0119ksze. Wy\u017csze wykszta\u0142cenie rodzic\u00f3w oraz wi\u0119cej czasu sp\u0119dzonego przez dziecko na czytaniu zwi\u0119ksza\u0142o ryzyko wyst\u0105pienia wady wzroku. Wi\u0119ksza ilo\u015b\u0107 czasu sp\u0119dzanego na zewn\u0105trz oraz mniejsza z urz\u0105dzeniami elektronicznymi zmniejsza\u0142y to prawdopodobie\u0144stwo. W\u015br\u00f3d genetycznych i \u015brodowiskowych czynnik\u00f3w, kr\u00f3tkowzroczno\u015b\u0107 rodzicielska najsilniej wp\u0142ywa na <a href=\"\/\">kr\u00f3tkowzroczno\u015b\u0107 u dzieci<\/a>.       <\/p>\n<p><img loading=\"lazy\" decoding=\"async\" class=\"alignleft wp-image-302 size-medium\" src=\"http:\/\/myopianetwork.eu\/wp-content\/uploads\/2022\/02\/rodzina-300x213.jpg\" alt=\"Kr\u00f3tkowzroczno\u015b\u0107 rodzicielska, a kr\u00f3tkowzroczno\u015b\u0107 dzieci\" width=\"300\" height=\"213\" srcset=\"https:\/\/myopianetwork.eu\/wp-content\/uploads\/2022\/02\/rodzina-300x213.jpg 300w, https:\/\/myopianetwork.eu\/wp-content\/uploads\/2022\/02\/rodzina.jpg 768w\" sizes=\"auto, (max-width: 300px) 100vw, 300px\" \/>Dzieci rodzic\u00f3w z wysok\u0105 kr\u00f3tkowzroczno\u015bci\u0105 powinny by\u0107 szczeg\u00f3lnie podawane cz\u0119stej kontroli widzenia. W innych badaniach por\u00f3wnano wp\u0142yw kr\u00f3tkowzroczno\u015bci rodzic\u00f3w na kr\u00f3tkowzroczno\u015b\u0107 dzieci w r\u00f3\u017cnych rasach \/ grupach etnicznych. Przebadano 9793 dzieci w trzech por\u00f3wnywalnych projektach w USA, Australii i Singapurze [2]. W przypadku gdy jeden rodzic by\u0142 kr\u00f3tkowzroczny ryzyko wyst\u0105pienia wady u dziecka wzrasta\u0142a o 1,42, za\u015b gdy oboje prawdopodobie\u0144stwo zwi\u0119ksza\u0142o si\u0119 o 2,7. W przypadku gdy u obojga rodzic\u00f3w kr\u00f3tkowzroczno\u015b\u0107 wyst\u0105pi\u0142a we wczesnym dzieci\u0144stwie ryzyko pojawienia si\u0119 kr\u00f3tkowzroczno\u015bci u dziecka wzrasta\u0142o o 3,39 razy. W badaniu wykazano, \u017ce wp\u0142yw kr\u00f3tkowzroczno\u015b\u0107 rodzic\u00f3w cz\u0119sto\u015b\u0107 wyst\u0105pienie kr\u00f3tkowzroczno\u015bci u dzieci jest niezale\u017cna od rasy \/ pochodzenia etnicznego.     <\/p>\n<p>Wczesna kr\u00f3tkowzroczno\u015b\u0107 prowadzi do wysokich warto\u015bci wady wzroku. \u015aredni wzrost kr\u00f3tkowzroczno\u015bci u dzieci wynosi \u015brednio 0,5 -1,0 D. Gdy kr\u00f3tkowzroczno\u015b\u0107 pojawi si\u0119 w wieku 6 lat, do pe\u0142noletno\u015bci mo\u017ce wzrosn\u0105\u0107 nawet o kilka dioptrii czyli osi\u0105gn\u0105\u0107 wielko\u015b\u0107 tzw. wysokiej kr\u00f3tkowzroczno\u015bci, kt\u00f3ra jest przyczyn\u0105 wielu powik\u0142a\u0144: m.in. odwarstwienia siatk\u00f3wki, za\u0107my i jaskry, mog\u0105cych skutkowa\u0107 utrat\u0105 widzenia. Gdy wcze\u015bnie zdiagnozujemy kr\u00f3tkowzroczno\u015b\u0107, mo\u017cemy wcze\u015bnie zacz\u0105\u0107 dzia\u0142ania powoduj\u0105ce <a href=\"https:\/\/myopianetwork.eu\/zapobieganie-krotkowzrocznosci\/\">zapobieganie kr\u00f3tkowzroczno\u015bci<\/a>. Dzi\u0119ki temu mo\u017cemy spowolni\u0107 wzrost ga\u0142ki ocznej i kr\u00f3tkowzroczno\u015bci. Wiemy, \u017ce dzieci rodzic\u00f3w z kr\u00f3tkowzroczno\u015bci\u0105 s\u0105 w grupie ryzyka, dlatego powinny one zosta\u0107 obj\u0119te szczeg\u00f3ln\u0105 kontrol\u0105 ju\u017c od najm\u0142odszych lat.      <\/p>\n<p><strong>Autorzy:<\/strong><\/p>\n<p><em>prof. dr hab. med. Andrzej Grzybowski, Fundacja Okulistyka 21, Instytut Okulistycznych Bada\u0144 Naukowych, Katedra Okulistyki Uniwersytetu Warmi\u0144sko-Mazurskiego w Olsztynie  <\/em><br \/>\n<em>mgr in\u017c. Aleksandra Lemanik, Fundacja Okulistyka 21 <\/em><\/p>\n<p><strong>Pi\u015bmiennictwo<\/strong><\/p>\n<p><em>[1] S. M. Tang, K. W. Kam, A. N. French i M. Yu, et al \u201eIndependent Influence of Parental Myopia on Childhood Myopia in a Dose-related Manner in 2055 Trios: The Hong Kong Children Eye Study\u201d American Journal of Ophthalmology, 16 May 2020, https:\/\/doi.org\/10.1016\/j.ajo.2020.05.026<\/em><br \/>\n<em>[2] X. Jiang, K. Tarczy-Hornoch, S. A. Cotter i S. Matsumura, et al \u201eAssociation of Parental Myopia With Higher Risk of Myopia Among Multiethnic Children Before School Age,\u201d JAMA Ophthalmology, 19 March 2020, 10.1001\/jamaophthalmol.2020.0412<\/em><\/p>\n","protected":false},"excerpt":{"rendered":"<p>Materia\u0142 opracowany w ramach projektu pt.: Kampania edukacyjna &#8220;Miopia &#8211; rozw\u00f3j wiedzy na temat kr\u00f3tkowzroczno\u015bci&#8221;, wsp\u00f3\u0142finansowanego przez Ministerstwo Edukacji i Nauki Od dawna wiadomo, \u017ce kr\u00f3tkowzroczno\u015b\u0107 rodzic\u00f3w zwi\u0119ksza ryzyko wyst\u0105pienia kr\u00f3tkowzroczno\u015bci u dzieci, szczeg\u00f3lnie u rodzic\u00f3w z wysok\u0105 kr\u00f3tkowzroczno\u015bci\u0105. Do tej pory nie uda\u0142o si\u0119 jednak okre\u015bli\u0107 jednego genu kr\u00f3tkowzroczno\u015bci, kt\u00f3ry determinowa\u0142by jej rozw\u00f3j u&#8230;<\/p>\n","protected":false},"author":1,"featured_media":1615,"comment_status":"closed","ping_status":"closed","sticky":false,"template":"","format":"standard","meta":{"_acf_changed":false,"footnotes":""},"categories":[24],"tags":[],"class_list":["post-1924","post","type-post","status-publish","format-standard","has-post-thumbnail","hentry","category-polish-pl"],"acf":[],"yoast_head":"<!-- This site is optimized with the Yoast SEO plugin v25.3 - https:\/\/yoast.com\/wordpress\/plugins\/seo\/ -->\n<title>Kr\u00f3tkowzroczno\u015b\u0107 rodzicielska, a kr\u00f3tkowzroczno\u015b\u0107 dzieci - Fundacja &quot;Okulistyka 21&quot;<\/title>\n<meta name=\"description\" content=\"Ryzyko kr\u00f3tkowzroczno\u015bci u dzieci wzrasta z kr\u00f3tkowzroczno\u015bci\u0105 rodzic\u00f3w; edukacja i czas czytania te\u017c maj\u0105 wp\u0142yw.\" \/>\n<meta name=\"robots\" content=\"index, follow, max-snippet:-1, max-image-preview:large, max-video-preview:-1\" \/>\n<link rel=\"canonical\" href=\"https:\/\/myopianetwork.eu\/pl\/krotkowzrocznosc-rodzicielska-a-krotkowzrocznosc-dzieci\/\" \/>\n<meta property=\"og:locale\" content=\"pl_PL\" \/>\n<meta property=\"og:type\" content=\"article\" \/>\n<meta property=\"og:title\" content=\"Kr\u00f3tkowzroczno\u015b\u0107 rodzicielska, a kr\u00f3tkowzroczno\u015b\u0107 dzieci - Fundacja &quot;Okulistyka 21&quot;\" \/>\n<meta property=\"og:description\" content=\"Ryzyko kr\u00f3tkowzroczno\u015bci u dzieci wzrasta z kr\u00f3tkowzroczno\u015bci\u0105 rodzic\u00f3w; edukacja i czas czytania te\u017c maj\u0105 wp\u0142yw.\" \/>\n<meta property=\"og:url\" content=\"https:\/\/myopianetwork.eu\/pl\/krotkowzrocznosc-rodzicielska-a-krotkowzrocznosc-dzieci\/\" \/>\n<meta property=\"og:site_name\" content=\"Fundacja &quot;Okulistyka 21&quot;\" \/>\n<meta property=\"article:published_time\" content=\"2022-02-25T11:11:40+00:00\" \/>\n<meta property=\"og:image\" content=\"https:\/\/myopianetwork.eu\/wp-content\/uploads\/2022\/02\/krotkowzorcznosc-rodzicow-1.jpg\" \/>\n\t<meta property=\"og:image:width\" content=\"800\" \/>\n\t<meta property=\"og:image:height\" content=\"568\" \/>\n\t<meta property=\"og:image:type\" content=\"image\/jpeg\" \/>\n<meta name=\"author\" content=\"gogler\" \/>\n<meta name=\"twitter:card\" content=\"summary_large_image\" \/>\n<meta name=\"twitter:label1\" content=\"Napisane przez\" \/>\n\t<meta name=\"twitter:data1\" content=\"gogler\" \/>\n\t<meta name=\"twitter:label2\" content=\"Szacowany czas czytania\" \/>\n\t<meta name=\"twitter:data2\" content=\"3 minuty\" \/>\n<script type=\"application\/ld+json\" class=\"yoast-schema-graph\">{\"@context\":\"https:\/\/schema.org\",\"@graph\":[{\"@type\":\"Article\",\"@id\":\"https:\/\/myopianetwork.eu\/pl\/krotkowzrocznosc-rodzicielska-a-krotkowzrocznosc-dzieci\/#article\",\"isPartOf\":{\"@id\":\"https:\/\/myopianetwork.eu\/pl\/krotkowzrocznosc-rodzicielska-a-krotkowzrocznosc-dzieci\/\"},\"author\":{\"name\":\"gogler\",\"@id\":\"https:\/\/myopianetwork.eu\/pl\/#\/schema\/person\/d17cb3f0bca08453d4d8b45a91eb4aef\"},\"headline\":\"Kr\u00f3tkowzroczno\u015b\u0107 rodzicielska, a kr\u00f3tkowzroczno\u015b\u0107 dzieci\",\"datePublished\":\"2022-02-25T11:11:40+00:00\",\"mainEntityOfPage\":{\"@id\":\"https:\/\/myopianetwork.eu\/pl\/krotkowzrocznosc-rodzicielska-a-krotkowzrocznosc-dzieci\/\"},\"wordCount\":704,\"publisher\":{\"@id\":\"https:\/\/myopianetwork.eu\/pl\/#organization\"},\"image\":{\"@id\":\"https:\/\/myopianetwork.eu\/pl\/krotkowzrocznosc-rodzicielska-a-krotkowzrocznosc-dzieci\/#primaryimage\"},\"thumbnailUrl\":\"https:\/\/myopianetwork.eu\/wp-content\/uploads\/2022\/02\/krotkowzorcznosc-rodzicow-1.jpg\",\"articleSection\":[\"Polish\"],\"inLanguage\":\"pl-PL\"},{\"@type\":\"WebPage\",\"@id\":\"https:\/\/myopianetwork.eu\/pl\/krotkowzrocznosc-rodzicielska-a-krotkowzrocznosc-dzieci\/\",\"url\":\"https:\/\/myopianetwork.eu\/pl\/krotkowzrocznosc-rodzicielska-a-krotkowzrocznosc-dzieci\/\",\"name\":\"Kr\u00f3tkowzroczno\u015b\u0107 rodzicielska, a kr\u00f3tkowzroczno\u015b\u0107 dzieci - Fundacja &quot;Okulistyka 21&quot;\",\"isPartOf\":{\"@id\":\"https:\/\/myopianetwork.eu\/pl\/#website\"},\"primaryImageOfPage\":{\"@id\":\"https:\/\/myopianetwork.eu\/pl\/krotkowzrocznosc-rodzicielska-a-krotkowzrocznosc-dzieci\/#primaryimage\"},\"image\":{\"@id\":\"https:\/\/myopianetwork.eu\/pl\/krotkowzrocznosc-rodzicielska-a-krotkowzrocznosc-dzieci\/#primaryimage\"},\"thumbnailUrl\":\"https:\/\/myopianetwork.eu\/wp-content\/uploads\/2022\/02\/krotkowzorcznosc-rodzicow-1.jpg\",\"datePublished\":\"2022-02-25T11:11:40+00:00\",\"description\":\"Ryzyko kr\u00f3tkowzroczno\u015bci u dzieci wzrasta z kr\u00f3tkowzroczno\u015bci\u0105 rodzic\u00f3w; edukacja i czas czytania te\u017c maj\u0105 wp\u0142yw.\",\"breadcrumb\":{\"@id\":\"https:\/\/myopianetwork.eu\/pl\/krotkowzrocznosc-rodzicielska-a-krotkowzrocznosc-dzieci\/#breadcrumb\"},\"inLanguage\":\"pl-PL\",\"potentialAction\":[{\"@type\":\"ReadAction\",\"target\":[\"https:\/\/myopianetwork.eu\/pl\/krotkowzrocznosc-rodzicielska-a-krotkowzrocznosc-dzieci\/\"]}]},{\"@type\":\"ImageObject\",\"inLanguage\":\"pl-PL\",\"@id\":\"https:\/\/myopianetwork.eu\/pl\/krotkowzrocznosc-rodzicielska-a-krotkowzrocznosc-dzieci\/#primaryimage\",\"url\":\"https:\/\/myopianetwork.eu\/wp-content\/uploads\/2022\/02\/krotkowzorcznosc-rodzicow-1.jpg\",\"contentUrl\":\"https:\/\/myopianetwork.eu\/wp-content\/uploads\/2022\/02\/krotkowzorcznosc-rodzicow-1.jpg\",\"width\":800,\"height\":568,\"caption\":\"kr\u00f3tkowzorczno\u015b\u0107 rodzic\u00f3w\"},{\"@type\":\"BreadcrumbList\",\"@id\":\"https:\/\/myopianetwork.eu\/pl\/krotkowzrocznosc-rodzicielska-a-krotkowzrocznosc-dzieci\/#breadcrumb\",\"itemListElement\":[{\"@type\":\"ListItem\",\"position\":1,\"name\":\"Strona g\u0142\u00f3wna\",\"item\":\"https:\/\/myopianetwork.eu\/pl\/\"},{\"@type\":\"ListItem\",\"position\":2,\"name\":\"Kr\u00f3tkowzroczno\u015b\u0107 rodzicielska, a kr\u00f3tkowzroczno\u015b\u0107 dzieci\"}]},{\"@type\":\"WebSite\",\"@id\":\"https:\/\/myopianetwork.eu\/pl\/#website\",\"url\":\"https:\/\/myopianetwork.eu\/pl\/\",\"name\":\"Fundacja \\\"Okulistyka 21\\\"\",\"description\":\"\",\"publisher\":{\"@id\":\"https:\/\/myopianetwork.eu\/pl\/#organization\"},\"potentialAction\":[{\"@type\":\"SearchAction\",\"target\":{\"@type\":\"EntryPoint\",\"urlTemplate\":\"https:\/\/myopianetwork.eu\/pl\/?s={search_term_string}\"},\"query-input\":{\"@type\":\"PropertyValueSpecification\",\"valueRequired\":true,\"valueName\":\"search_term_string\"}}],\"inLanguage\":\"pl-PL\"},{\"@type\":\"Organization\",\"@id\":\"https:\/\/myopianetwork.eu\/pl\/#organization\",\"name\":\"Fundacja \\\"Okulistyka 21\\\"\",\"url\":\"https:\/\/myopianetwork.eu\/pl\/\",\"logo\":{\"@type\":\"ImageObject\",\"inLanguage\":\"pl-PL\",\"@id\":\"https:\/\/myopianetwork.eu\/pl\/#\/schema\/logo\/image\/\",\"url\":\"https:\/\/myopianetwork.eu\/wp-content\/uploads\/2021\/10\/MYOPIA.png\",\"contentUrl\":\"https:\/\/myopianetwork.eu\/wp-content\/uploads\/2021\/10\/MYOPIA.png\",\"width\":1229,\"height\":263,\"caption\":\"Fundacja \\\"Okulistyka 21\\\"\"},\"image\":{\"@id\":\"https:\/\/myopianetwork.eu\/pl\/#\/schema\/logo\/image\/\"}},{\"@type\":\"Person\",\"@id\":\"https:\/\/myopianetwork.eu\/pl\/#\/schema\/person\/d17cb3f0bca08453d4d8b45a91eb4aef\",\"name\":\"gogler\",\"image\":{\"@type\":\"ImageObject\",\"inLanguage\":\"pl-PL\",\"@id\":\"https:\/\/myopianetwork.eu\/pl\/#\/schema\/person\/image\/\",\"url\":\"https:\/\/secure.gravatar.com\/avatar\/c1c5cbe41fb6bdba829223336ad4010ee767abec94874d19918787f2c1e37497?s=96&d=mm&r=g\",\"contentUrl\":\"https:\/\/secure.gravatar.com\/avatar\/c1c5cbe41fb6bdba829223336ad4010ee767abec94874d19918787f2c1e37497?s=96&d=mm&r=g\",\"caption\":\"gogler\"},\"sameAs\":[\"https:\/\/myopianetwork.eu\"]}]}<\/script>\n<!-- \/ Yoast SEO plugin. -->","yoast_head_json":{"title":"Kr\u00f3tkowzroczno\u015b\u0107 rodzicielska, a kr\u00f3tkowzroczno\u015b\u0107 dzieci - Fundacja &quot;Okulistyka 21&quot;","description":"Ryzyko kr\u00f3tkowzroczno\u015bci u dzieci wzrasta z kr\u00f3tkowzroczno\u015bci\u0105 rodzic\u00f3w; edukacja i czas czytania te\u017c maj\u0105 wp\u0142yw.","robots":{"index":"index","follow":"follow","max-snippet":"max-snippet:-1","max-image-preview":"max-image-preview:large","max-video-preview":"max-video-preview:-1"},"canonical":"https:\/\/myopianetwork.eu\/pl\/krotkowzrocznosc-rodzicielska-a-krotkowzrocznosc-dzieci\/","og_locale":"pl_PL","og_type":"article","og_title":"Kr\u00f3tkowzroczno\u015b\u0107 rodzicielska, a kr\u00f3tkowzroczno\u015b\u0107 dzieci - Fundacja &quot;Okulistyka 21&quot;","og_description":"Ryzyko kr\u00f3tkowzroczno\u015bci u dzieci wzrasta z kr\u00f3tkowzroczno\u015bci\u0105 rodzic\u00f3w; edukacja i czas czytania te\u017c maj\u0105 wp\u0142yw.","og_url":"https:\/\/myopianetwork.eu\/pl\/krotkowzrocznosc-rodzicielska-a-krotkowzrocznosc-dzieci\/","og_site_name":"Fundacja &quot;Okulistyka 21&quot;","article_published_time":"2022-02-25T11:11:40+00:00","og_image":[{"width":800,"height":568,"url":"https:\/\/myopianetwork.eu\/wp-content\/uploads\/2022\/02\/krotkowzorcznosc-rodzicow-1.jpg","type":"image\/jpeg"}],"author":"gogler","twitter_card":"summary_large_image","twitter_misc":{"Napisane przez":"gogler","Szacowany czas czytania":"3 minuty"},"schema":{"@context":"https:\/\/schema.org","@graph":[{"@type":"Article","@id":"https:\/\/myopianetwork.eu\/pl\/krotkowzrocznosc-rodzicielska-a-krotkowzrocznosc-dzieci\/#article","isPartOf":{"@id":"https:\/\/myopianetwork.eu\/pl\/krotkowzrocznosc-rodzicielska-a-krotkowzrocznosc-dzieci\/"},"author":{"name":"gogler","@id":"https:\/\/myopianetwork.eu\/pl\/#\/schema\/person\/d17cb3f0bca08453d4d8b45a91eb4aef"},"headline":"Kr\u00f3tkowzroczno\u015b\u0107 rodzicielska, a kr\u00f3tkowzroczno\u015b\u0107 dzieci","datePublished":"2022-02-25T11:11:40+00:00","mainEntityOfPage":{"@id":"https:\/\/myopianetwork.eu\/pl\/krotkowzrocznosc-rodzicielska-a-krotkowzrocznosc-dzieci\/"},"wordCount":704,"publisher":{"@id":"https:\/\/myopianetwork.eu\/pl\/#organization"},"image":{"@id":"https:\/\/myopianetwork.eu\/pl\/krotkowzrocznosc-rodzicielska-a-krotkowzrocznosc-dzieci\/#primaryimage"},"thumbnailUrl":"https:\/\/myopianetwork.eu\/wp-content\/uploads\/2022\/02\/krotkowzorcznosc-rodzicow-1.jpg","articleSection":["Polish"],"inLanguage":"pl-PL"},{"@type":"WebPage","@id":"https:\/\/myopianetwork.eu\/pl\/krotkowzrocznosc-rodzicielska-a-krotkowzrocznosc-dzieci\/","url":"https:\/\/myopianetwork.eu\/pl\/krotkowzrocznosc-rodzicielska-a-krotkowzrocznosc-dzieci\/","name":"Kr\u00f3tkowzroczno\u015b\u0107 rodzicielska, a kr\u00f3tkowzroczno\u015b\u0107 dzieci - Fundacja &quot;Okulistyka 21&quot;","isPartOf":{"@id":"https:\/\/myopianetwork.eu\/pl\/#website"},"primaryImageOfPage":{"@id":"https:\/\/myopianetwork.eu\/pl\/krotkowzrocznosc-rodzicielska-a-krotkowzrocznosc-dzieci\/#primaryimage"},"image":{"@id":"https:\/\/myopianetwork.eu\/pl\/krotkowzrocznosc-rodzicielska-a-krotkowzrocznosc-dzieci\/#primaryimage"},"thumbnailUrl":"https:\/\/myopianetwork.eu\/wp-content\/uploads\/2022\/02\/krotkowzorcznosc-rodzicow-1.jpg","datePublished":"2022-02-25T11:11:40+00:00","description":"Ryzyko kr\u00f3tkowzroczno\u015bci u dzieci wzrasta z kr\u00f3tkowzroczno\u015bci\u0105 rodzic\u00f3w; edukacja i czas czytania te\u017c maj\u0105 wp\u0142yw.","breadcrumb":{"@id":"https:\/\/myopianetwork.eu\/pl\/krotkowzrocznosc-rodzicielska-a-krotkowzrocznosc-dzieci\/#breadcrumb"},"inLanguage":"pl-PL","potentialAction":[{"@type":"ReadAction","target":["https:\/\/myopianetwork.eu\/pl\/krotkowzrocznosc-rodzicielska-a-krotkowzrocznosc-dzieci\/"]}]},{"@type":"ImageObject","inLanguage":"pl-PL","@id":"https:\/\/myopianetwork.eu\/pl\/krotkowzrocznosc-rodzicielska-a-krotkowzrocznosc-dzieci\/#primaryimage","url":"https:\/\/myopianetwork.eu\/wp-content\/uploads\/2022\/02\/krotkowzorcznosc-rodzicow-1.jpg","contentUrl":"https:\/\/myopianetwork.eu\/wp-content\/uploads\/2022\/02\/krotkowzorcznosc-rodzicow-1.jpg","width":800,"height":568,"caption":"kr\u00f3tkowzorczno\u015b\u0107 rodzic\u00f3w"},{"@type":"BreadcrumbList","@id":"https:\/\/myopianetwork.eu\/pl\/krotkowzrocznosc-rodzicielska-a-krotkowzrocznosc-dzieci\/#breadcrumb","itemListElement":[{"@type":"ListItem","position":1,"name":"Strona g\u0142\u00f3wna","item":"https:\/\/myopianetwork.eu\/pl\/"},{"@type":"ListItem","position":2,"name":"Kr\u00f3tkowzroczno\u015b\u0107 rodzicielska, a kr\u00f3tkowzroczno\u015b\u0107 dzieci"}]},{"@type":"WebSite","@id":"https:\/\/myopianetwork.eu\/pl\/#website","url":"https:\/\/myopianetwork.eu\/pl\/","name":"Fundacja \"Okulistyka 21\"","description":"","publisher":{"@id":"https:\/\/myopianetwork.eu\/pl\/#organization"},"potentialAction":[{"@type":"SearchAction","target":{"@type":"EntryPoint","urlTemplate":"https:\/\/myopianetwork.eu\/pl\/?s={search_term_string}"},"query-input":{"@type":"PropertyValueSpecification","valueRequired":true,"valueName":"search_term_string"}}],"inLanguage":"pl-PL"},{"@type":"Organization","@id":"https:\/\/myopianetwork.eu\/pl\/#organization","name":"Fundacja \"Okulistyka 21\"","url":"https:\/\/myopianetwork.eu\/pl\/","logo":{"@type":"ImageObject","inLanguage":"pl-PL","@id":"https:\/\/myopianetwork.eu\/pl\/#\/schema\/logo\/image\/","url":"https:\/\/myopianetwork.eu\/wp-content\/uploads\/2021\/10\/MYOPIA.png","contentUrl":"https:\/\/myopianetwork.eu\/wp-content\/uploads\/2021\/10\/MYOPIA.png","width":1229,"height":263,"caption":"Fundacja \"Okulistyka 21\""},"image":{"@id":"https:\/\/myopianetwork.eu\/pl\/#\/schema\/logo\/image\/"}},{"@type":"Person","@id":"https:\/\/myopianetwork.eu\/pl\/#\/schema\/person\/d17cb3f0bca08453d4d8b45a91eb4aef","name":"gogler","image":{"@type":"ImageObject","inLanguage":"pl-PL","@id":"https:\/\/myopianetwork.eu\/pl\/#\/schema\/person\/image\/","url":"https:\/\/secure.gravatar.com\/avatar\/c1c5cbe41fb6bdba829223336ad4010ee767abec94874d19918787f2c1e37497?s=96&d=mm&r=g","contentUrl":"https:\/\/secure.gravatar.com\/avatar\/c1c5cbe41fb6bdba829223336ad4010ee767abec94874d19918787f2c1e37497?s=96&d=mm&r=g","caption":"gogler"},"sameAs":["https:\/\/myopianetwork.eu"]}]}},"_links":{"self":[{"href":"https:\/\/myopianetwork.eu\/pl\/wp-json\/wp\/v2\/posts\/1924","targetHints":{"allow":["GET"]}}],"collection":[{"href":"https:\/\/myopianetwork.eu\/pl\/wp-json\/wp\/v2\/posts"}],"about":[{"href":"https:\/\/myopianetwork.eu\/pl\/wp-json\/wp\/v2\/types\/post"}],"author":[{"embeddable":true,"href":"https:\/\/myopianetwork.eu\/pl\/wp-json\/wp\/v2\/users\/1"}],"replies":[{"embeddable":true,"href":"https:\/\/myopianetwork.eu\/pl\/wp-json\/wp\/v2\/comments?post=1924"}],"version-history":[{"count":0,"href":"https:\/\/myopianetwork.eu\/pl\/wp-json\/wp\/v2\/posts\/1924\/revisions"}],"wp:featuredmedia":[{"embeddable":true,"href":"https:\/\/myopianetwork.eu\/pl\/wp-json\/wp\/v2\/media\/1615"}],"wp:attachment":[{"href":"https:\/\/myopianetwork.eu\/pl\/wp-json\/wp\/v2\/media?parent=1924"}],"wp:term":[{"taxonomy":"category","embeddable":true,"href":"https:\/\/myopianetwork.eu\/pl\/wp-json\/wp\/v2\/categories?post=1924"},{"taxonomy":"post_tag","embeddable":true,"href":"https:\/\/myopianetwork.eu\/pl\/wp-json\/wp\/v2\/tags?post=1924"}],"curies":[{"name":"wp","href":"https:\/\/api.w.org\/{rel}","templated":true}]}}