{"id":1932,"date":"2022-06-01T11:46:07","date_gmt":"2022-06-01T09:46:07","guid":{"rendered":"https:\/\/myopianetwork.eu\/czy-niedowidzenie-da-sie-wyleczyc\/"},"modified":"2022-06-01T11:46:07","modified_gmt":"2022-06-01T09:46:07","slug":"czy-niedowidzenie-da-sie-wyleczyc","status":"publish","type":"post","link":"https:\/\/myopianetwork.eu\/pl\/czy-niedowidzenie-da-sie-wyleczyc\/","title":{"rendered":"Czy niedowidzenie da si\u0119 \u201cwyleczy\u0107\u201d?"},"content":{"rendered":"<div class=\"elementor-element elementor-element-c4bec68 elementor-widget elementor-widget-text-editor\" data-id=\"c4bec68\" data-element_type=\"widget\" data-widget_type=\"text-editor.default\">\n<div class=\"elementor-widget-container\">\n<div class=\"elementor-text-editor elementor-clearfix\">\n<h3 class=\"Default\"><span style=\"font-size: 11.5pt;\">Materia\u0142 opracowany w ramach projektu <\/span><span style=\"font-size: 11.5pt;\">pt.: <em>Kampania<\/em><i> edukacyjna &#8220;Miopia &#8211; rozw\u00f3j wiedzy na temat kr\u00f3tkowzroczno\u015bci&#8221;, wsp\u00f3\u0142finansowanego przez Ministerstwo Edukacji i Nauki <\/i><\/span> <\/h3>\n<p><img loading=\"lazy\" decoding=\"async\" class=\"alignnone wp-image-885 size-full\" src=\"http:\/\/myopianetwork.eu\/wp-content\/uploads\/2022\/12\/SON_Logotypy.png\" alt=\"Logotypy\" width=\"1280\" height=\"270\" srcset=\"https:\/\/myopianetwork.eu\/wp-content\/uploads\/2022\/12\/SON_Logotypy.png 1280w, https:\/\/myopianetwork.eu\/wp-content\/uploads\/2022\/12\/SON_Logotypy-300x63.png 300w, https:\/\/myopianetwork.eu\/wp-content\/uploads\/2022\/12\/SON_Logotypy-1024x216.png 1024w\" sizes=\"auto, (max-width: 1280px) 100vw, 1280px\" \/><\/p>\n<p><b>Niedowidzenie jest to choroba polegaj\u0105ca na zahamowaniu w m\u00f3zgu widzenia z jednego oka, co skutkuje znacznym pogorszeniem widzenia jednego lub obu oczu, pomimo zastosowania najlepszej mo\u017cliwej korekcji (np. okular\u00f3w lub soczewek).<\/b><\/p>\n<\/div>\n<\/div>\n<\/div>\n<div class=\"elementor-element elementor-element-abb08ec elementor-widget-divider--view-line elementor-widget elementor-widget-divider\" data-id=\"abb08ec\" data-element_type=\"widget\" data-widget_type=\"divider.default\">\n<div class=\"elementor-widget-container\">\n<div class=\"elementor-divider\">W normalnej sytuacji, gdy cz\u0142owiek patrzy na dany obiekt, m\u00f3zg otrzymuje dwa podobne obrazy z ka\u017cdego oka, kt\u00f3re sk\u0142ada w jeden przestrzenny obraz. Je\u015bli jedno z oczu zezuje lub ma du\u017co wy\u017csz\u0105 wad\u0119 wzroku ni\u017c drugie oko, m\u00f3zg otrzymuje dwa r\u00f3\u017cne obrazy zarejestrowane w tym samym czasie. R\u00f3\u017cni\u0105 si\u0119 one na tyle, \u017ce nie potrafi ich po\u0142\u0105czy\u0107. M\u00f3zg jako prawid\u0142owy okre\u015bla obraz tylko z jednego oka, a drugi obraz ignoruje. Je\u015bli ta sytuacja powtarza si\u0119 przez d\u0142u\u017cszy czas, nast\u0119puje t\u0142umienie widzenia w jednym oku \u2013 najcz\u0119\u015bciej tym z wy\u017csz\u0105 wad\u0105 wzroku lub zezuj\u0105cym. M\u00f3zg wybiera obraz z tego oka, kt\u00f3re widzi prawid\u0142owo.     <\/div>\n<\/div>\n<\/div>\n<div class=\"elementor-element elementor-element-3168506 elementor-widget elementor-widget-text-editor\" data-id=\"3168506\" data-element_type=\"widget\" data-widget_type=\"text-editor.default\">\n<div class=\"elementor-widget-container\">\n<div class=\"elementor-text-editor elementor-clearfix\">\n<p>T\u0142umienie oka jest szczeg\u00f3lnie niebezpieczne w okresie rozwoju widzenia, czyli u dzieci do 12-14 \u017cycia. Skutkiem s\u0105 zmiany w funkcjonowaniu i sta\u0142e pogorszenia ostro\u015bci wzroku, czyli tzw. niedowidzenie. Niedowidzenie nie jest spowodowane nieprawid\u0142owo\u015bciami w budowie ga\u0142ki ocznej.   <\/p>\n<p>Osoby doros\u0142e, u kt\u00f3rych niedowidzenie wyst\u0105pi\u0142o we wczesnym dzieci\u0144stwie i nie zosta\u0142o wyleczone, ca\u0142e \u017cycie b\u0119d\u0105 zmaga\u0107 si\u0119 z pogorszonym widzeniem. Niedowidzenie powoduje brak poczucia g\u0142\u0119bi. Wywo\u0142ane zaburzenia oceny odleg\u0142o\u015bci obiekt\u00f3w od dziecka powoduje problemy z czytaniem, pisaniem, ale tak\u017ce z koordynacj\u0105 podczas zabaw i uprawiania sport\u00f3w. Te trudno\u015bci cz\u0119sto przenosz\u0105 si\u0119 na stref\u0119 emocjonalno \u2013 psychiczn\u0105, poniewa\u017c zwi\u0105zane s\u0105 z nisk\u0105 samoocen\u0105 u dzieci i niskiej pewno\u015bci siebie w doros\u0142o\u015bci.   <\/p>\n<p>Jest jednak bardzo du\u017ca szansa na odzyskanie pe\u0142nego widzenia, je\u015bli odpowiednio wcze\u015bnie \u2013 jeszcze na etapie rozwoju widzenia, wykryjemy przyczyn\u0119 niedowidzenia i wprowadzimy odpowiednie leczenie. Cz\u0119st\u0105 metod\u0105 leczenia niedowidzenia jest odpowiednia korekcja wady wzroku oraz zas\u0142anianie oka lepiej widz\u0105cego, by pobudzi\u0107 drugie oko do pracy. Metody leczenia dobierane s\u0105 indywidualnie przez lekarza okulist\u0119 w zale\u017cno\u015bci od problemu i wieku pacjenta.  <\/p>\n<p>Niedowidzenie wyst\u0119puje u 2% dzieci w wieku przedszkolnym. Objawami kt\u00f3re mog\u0105 by\u0107 alarmuj\u0105ce jest przekrzywianie g\u0142owy, przekr\u0119cania cia\u0142a w jedn\u0105 stron\u0119 czy mru\u017cenie oczu. Jednak najcz\u0119\u015bciej niedowidzenie nie daje \u017cadnych objaw\u00f3w, poniewa\u017c dziecko widzi prawid\u0142owo drugim okiem. Dlatego konieczne jest wykonywanie bada\u0144 wzroku dzieci od najm\u0142odszych lat, najp\u00f3\u017aniej przed 6 rokiem \u017cycia.   <\/p>\n<p>Je\u015bli u dziecka wykryto obni\u017con\u0105 ostro\u015b\u0107 wzroku i zastosowanie korekcji nie pomaga, bardzo prawdopodobne, \u017ce jest to niedowidzenie. Nale\u017cy uda\u0107 si\u0119 do okulisty na pe\u0142en badanie funkcji wzrokowych by zaplanowa\u0107 odpowiednie leczenie. U ma\u0142ych dzieci proces ten b\u0119dzie szybszy. U starszych potrzeba wi\u0119cej czasu.   <\/p>\n<blockquote><p>Przeczytaj r\u00f3wnie\u017c: <em><a href=\"https:\/\/myopianetwork.eu\/pl\/leczenie-krotkowzrocznosci\/\">Leczenie kr\u00f3tkowzroczno\u015bci<\/a> <\/em> <\/p><\/blockquote>\n<\/div>\n<\/div>\n<\/div>\n","protected":false},"excerpt":{"rendered":"<p>Materia\u0142 opracowany w ramach projektu pt.: Kampania edukacyjna &#8220;Miopia &#8211; rozw\u00f3j wiedzy na temat kr\u00f3tkowzroczno\u015bci&#8221;, wsp\u00f3\u0142finansowanego przez Ministerstwo Edukacji i Nauki Niedowidzenie jest to choroba polegaj\u0105ca na zahamowaniu w m\u00f3zgu widzenia z jednego oka, co skutkuje znacznym pogorszeniem widzenia jednego lub obu oczu, pomimo zastosowania najlepszej mo\u017cliwej korekcji (np. okular\u00f3w lub soczewek). W normalnej sytuacji,&#8230;<\/p>\n","protected":false},"author":1,"featured_media":1622,"comment_status":"closed","ping_status":"closed","sticky":false,"template":"","format":"standard","meta":{"_acf_changed":false,"footnotes":""},"categories":[24],"tags":[],"class_list":["post-1932","post","type-post","status-publish","format-standard","has-post-thumbnail","hentry","category-polish-pl"],"acf":[],"yoast_head":"<!-- This site is optimized with the Yoast SEO plugin v25.3 - https:\/\/yoast.com\/wordpress\/plugins\/seo\/ -->\n<title>Czy niedowidzenie da si\u0119 \u201cwyleczy\u0107\u201d? - Fundacja &quot;Okulistyka 21&quot;<\/title>\n<meta name=\"description\" content=\"Znacz\u0105ce pogorszenie widzenia u dzieci mo\u017ce wskazywa\u0107 na niedowidzenie. Wczesna diagnoza i leczenie s\u0105 kluczowe.\" \/>\n<meta name=\"robots\" content=\"index, follow, max-snippet:-1, max-image-preview:large, max-video-preview:-1\" \/>\n<link rel=\"canonical\" href=\"https:\/\/myopianetwork.eu\/pl\/czy-niedowidzenie-da-sie-wyleczyc\/\" \/>\n<meta property=\"og:locale\" content=\"pl_PL\" \/>\n<meta property=\"og:type\" content=\"article\" \/>\n<meta property=\"og:title\" content=\"Czy niedowidzenie da si\u0119 \u201cwyleczy\u0107\u201d? - Fundacja &quot;Okulistyka 21&quot;\" \/>\n<meta property=\"og:description\" content=\"Znacz\u0105ce pogorszenie widzenia u dzieci mo\u017ce wskazywa\u0107 na niedowidzenie. Wczesna diagnoza i leczenie s\u0105 kluczowe.\" \/>\n<meta property=\"og:url\" content=\"https:\/\/myopianetwork.eu\/pl\/czy-niedowidzenie-da-sie-wyleczyc\/\" \/>\n<meta property=\"og:site_name\" content=\"Fundacja &quot;Okulistyka 21&quot;\" \/>\n<meta property=\"article:published_time\" content=\"2022-06-01T09:46:07+00:00\" \/>\n<meta property=\"og:image\" content=\"https:\/\/myopianetwork.eu\/wp-content\/uploads\/2022\/02\/niedowidzenie.jpg\" \/>\n\t<meta property=\"og:image:width\" content=\"545\" \/>\n\t<meta property=\"og:image:height\" content=\"389\" \/>\n\t<meta property=\"og:image:type\" content=\"image\/jpeg\" \/>\n<meta name=\"author\" content=\"gogler\" \/>\n<meta name=\"twitter:card\" content=\"summary_large_image\" \/>\n<meta name=\"twitter:label1\" content=\"Napisane przez\" \/>\n\t<meta name=\"twitter:data1\" content=\"gogler\" \/>\n\t<meta name=\"twitter:label2\" content=\"Szacowany czas czytania\" \/>\n\t<meta name=\"twitter:data2\" content=\"3 minuty\" \/>\n<script type=\"application\/ld+json\" class=\"yoast-schema-graph\">{\"@context\":\"https:\/\/schema.org\",\"@graph\":[{\"@type\":\"Article\",\"@id\":\"https:\/\/myopianetwork.eu\/pl\/czy-niedowidzenie-da-sie-wyleczyc\/#article\",\"isPartOf\":{\"@id\":\"https:\/\/myopianetwork.eu\/pl\/czy-niedowidzenie-da-sie-wyleczyc\/\"},\"author\":{\"name\":\"gogler\",\"@id\":\"https:\/\/myopianetwork.eu\/pl\/#\/schema\/person\/d17cb3f0bca08453d4d8b45a91eb4aef\"},\"headline\":\"Czy niedowidzenie da si\u0119 \u201cwyleczy\u0107\u201d?\",\"datePublished\":\"2022-06-01T09:46:07+00:00\",\"mainEntityOfPage\":{\"@id\":\"https:\/\/myopianetwork.eu\/pl\/czy-niedowidzenie-da-sie-wyleczyc\/\"},\"wordCount\":515,\"publisher\":{\"@id\":\"https:\/\/myopianetwork.eu\/pl\/#organization\"},\"image\":{\"@id\":\"https:\/\/myopianetwork.eu\/pl\/czy-niedowidzenie-da-sie-wyleczyc\/#primaryimage\"},\"thumbnailUrl\":\"https:\/\/myopianetwork.eu\/wp-content\/uploads\/2022\/02\/niedowidzenie.jpg\",\"articleSection\":[\"Polish\"],\"inLanguage\":\"pl-PL\"},{\"@type\":\"WebPage\",\"@id\":\"https:\/\/myopianetwork.eu\/pl\/czy-niedowidzenie-da-sie-wyleczyc\/\",\"url\":\"https:\/\/myopianetwork.eu\/pl\/czy-niedowidzenie-da-sie-wyleczyc\/\",\"name\":\"Czy niedowidzenie da si\u0119 \u201cwyleczy\u0107\u201d? - Fundacja &quot;Okulistyka 21&quot;\",\"isPartOf\":{\"@id\":\"https:\/\/myopianetwork.eu\/pl\/#website\"},\"primaryImageOfPage\":{\"@id\":\"https:\/\/myopianetwork.eu\/pl\/czy-niedowidzenie-da-sie-wyleczyc\/#primaryimage\"},\"image\":{\"@id\":\"https:\/\/myopianetwork.eu\/pl\/czy-niedowidzenie-da-sie-wyleczyc\/#primaryimage\"},\"thumbnailUrl\":\"https:\/\/myopianetwork.eu\/wp-content\/uploads\/2022\/02\/niedowidzenie.jpg\",\"datePublished\":\"2022-06-01T09:46:07+00:00\",\"description\":\"Znacz\u0105ce pogorszenie widzenia u dzieci mo\u017ce wskazywa\u0107 na niedowidzenie. Wczesna diagnoza i leczenie s\u0105 kluczowe.\",\"breadcrumb\":{\"@id\":\"https:\/\/myopianetwork.eu\/pl\/czy-niedowidzenie-da-sie-wyleczyc\/#breadcrumb\"},\"inLanguage\":\"pl-PL\",\"potentialAction\":[{\"@type\":\"ReadAction\",\"target\":[\"https:\/\/myopianetwork.eu\/pl\/czy-niedowidzenie-da-sie-wyleczyc\/\"]}]},{\"@type\":\"ImageObject\",\"inLanguage\":\"pl-PL\",\"@id\":\"https:\/\/myopianetwork.eu\/pl\/czy-niedowidzenie-da-sie-wyleczyc\/#primaryimage\",\"url\":\"https:\/\/myopianetwork.eu\/wp-content\/uploads\/2022\/02\/niedowidzenie.jpg\",\"contentUrl\":\"https:\/\/myopianetwork.eu\/wp-content\/uploads\/2022\/02\/niedowidzenie.jpg\",\"width\":545,\"height\":389,\"caption\":\"Czy niedowidzenie da si\u0119 \u201cwyleczy\u0107\u201d - 1\"},{\"@type\":\"BreadcrumbList\",\"@id\":\"https:\/\/myopianetwork.eu\/pl\/czy-niedowidzenie-da-sie-wyleczyc\/#breadcrumb\",\"itemListElement\":[{\"@type\":\"ListItem\",\"position\":1,\"name\":\"Strona g\u0142\u00f3wna\",\"item\":\"https:\/\/myopianetwork.eu\/pl\/\"},{\"@type\":\"ListItem\",\"position\":2,\"name\":\"Czy niedowidzenie da si\u0119 \u201cwyleczy\u0107\u201d?\"}]},{\"@type\":\"WebSite\",\"@id\":\"https:\/\/myopianetwork.eu\/pl\/#website\",\"url\":\"https:\/\/myopianetwork.eu\/pl\/\",\"name\":\"Fundacja \\\"Okulistyka 21\\\"\",\"description\":\"\",\"publisher\":{\"@id\":\"https:\/\/myopianetwork.eu\/pl\/#organization\"},\"potentialAction\":[{\"@type\":\"SearchAction\",\"target\":{\"@type\":\"EntryPoint\",\"urlTemplate\":\"https:\/\/myopianetwork.eu\/pl\/?s={search_term_string}\"},\"query-input\":{\"@type\":\"PropertyValueSpecification\",\"valueRequired\":true,\"valueName\":\"search_term_string\"}}],\"inLanguage\":\"pl-PL\"},{\"@type\":\"Organization\",\"@id\":\"https:\/\/myopianetwork.eu\/pl\/#organization\",\"name\":\"Fundacja \\\"Okulistyka 21\\\"\",\"url\":\"https:\/\/myopianetwork.eu\/pl\/\",\"logo\":{\"@type\":\"ImageObject\",\"inLanguage\":\"pl-PL\",\"@id\":\"https:\/\/myopianetwork.eu\/pl\/#\/schema\/logo\/image\/\",\"url\":\"https:\/\/myopianetwork.eu\/wp-content\/uploads\/2021\/10\/MYOPIA.png\",\"contentUrl\":\"https:\/\/myopianetwork.eu\/wp-content\/uploads\/2021\/10\/MYOPIA.png\",\"width\":1229,\"height\":263,\"caption\":\"Fundacja \\\"Okulistyka 21\\\"\"},\"image\":{\"@id\":\"https:\/\/myopianetwork.eu\/pl\/#\/schema\/logo\/image\/\"}},{\"@type\":\"Person\",\"@id\":\"https:\/\/myopianetwork.eu\/pl\/#\/schema\/person\/d17cb3f0bca08453d4d8b45a91eb4aef\",\"name\":\"gogler\",\"image\":{\"@type\":\"ImageObject\",\"inLanguage\":\"pl-PL\",\"@id\":\"https:\/\/myopianetwork.eu\/pl\/#\/schema\/person\/image\/\",\"url\":\"https:\/\/secure.gravatar.com\/avatar\/c1c5cbe41fb6bdba829223336ad4010ee767abec94874d19918787f2c1e37497?s=96&d=mm&r=g\",\"contentUrl\":\"https:\/\/secure.gravatar.com\/avatar\/c1c5cbe41fb6bdba829223336ad4010ee767abec94874d19918787f2c1e37497?s=96&d=mm&r=g\",\"caption\":\"gogler\"},\"sameAs\":[\"https:\/\/myopianetwork.eu\"]}]}<\/script>\n<!-- \/ Yoast SEO plugin. -->","yoast_head_json":{"title":"Czy niedowidzenie da si\u0119 \u201cwyleczy\u0107\u201d? - Fundacja &quot;Okulistyka 21&quot;","description":"Znacz\u0105ce pogorszenie widzenia u dzieci mo\u017ce wskazywa\u0107 na niedowidzenie. Wczesna diagnoza i leczenie s\u0105 kluczowe.","robots":{"index":"index","follow":"follow","max-snippet":"max-snippet:-1","max-image-preview":"max-image-preview:large","max-video-preview":"max-video-preview:-1"},"canonical":"https:\/\/myopianetwork.eu\/pl\/czy-niedowidzenie-da-sie-wyleczyc\/","og_locale":"pl_PL","og_type":"article","og_title":"Czy niedowidzenie da si\u0119 \u201cwyleczy\u0107\u201d? - Fundacja &quot;Okulistyka 21&quot;","og_description":"Znacz\u0105ce pogorszenie widzenia u dzieci mo\u017ce wskazywa\u0107 na niedowidzenie. Wczesna diagnoza i leczenie s\u0105 kluczowe.","og_url":"https:\/\/myopianetwork.eu\/pl\/czy-niedowidzenie-da-sie-wyleczyc\/","og_site_name":"Fundacja &quot;Okulistyka 21&quot;","article_published_time":"2022-06-01T09:46:07+00:00","og_image":[{"width":545,"height":389,"url":"https:\/\/myopianetwork.eu\/wp-content\/uploads\/2022\/02\/niedowidzenie.jpg","type":"image\/jpeg"}],"author":"gogler","twitter_card":"summary_large_image","twitter_misc":{"Napisane przez":"gogler","Szacowany czas czytania":"3 minuty"},"schema":{"@context":"https:\/\/schema.org","@graph":[{"@type":"Article","@id":"https:\/\/myopianetwork.eu\/pl\/czy-niedowidzenie-da-sie-wyleczyc\/#article","isPartOf":{"@id":"https:\/\/myopianetwork.eu\/pl\/czy-niedowidzenie-da-sie-wyleczyc\/"},"author":{"name":"gogler","@id":"https:\/\/myopianetwork.eu\/pl\/#\/schema\/person\/d17cb3f0bca08453d4d8b45a91eb4aef"},"headline":"Czy niedowidzenie da si\u0119 \u201cwyleczy\u0107\u201d?","datePublished":"2022-06-01T09:46:07+00:00","mainEntityOfPage":{"@id":"https:\/\/myopianetwork.eu\/pl\/czy-niedowidzenie-da-sie-wyleczyc\/"},"wordCount":515,"publisher":{"@id":"https:\/\/myopianetwork.eu\/pl\/#organization"},"image":{"@id":"https:\/\/myopianetwork.eu\/pl\/czy-niedowidzenie-da-sie-wyleczyc\/#primaryimage"},"thumbnailUrl":"https:\/\/myopianetwork.eu\/wp-content\/uploads\/2022\/02\/niedowidzenie.jpg","articleSection":["Polish"],"inLanguage":"pl-PL"},{"@type":"WebPage","@id":"https:\/\/myopianetwork.eu\/pl\/czy-niedowidzenie-da-sie-wyleczyc\/","url":"https:\/\/myopianetwork.eu\/pl\/czy-niedowidzenie-da-sie-wyleczyc\/","name":"Czy niedowidzenie da si\u0119 \u201cwyleczy\u0107\u201d? - Fundacja &quot;Okulistyka 21&quot;","isPartOf":{"@id":"https:\/\/myopianetwork.eu\/pl\/#website"},"primaryImageOfPage":{"@id":"https:\/\/myopianetwork.eu\/pl\/czy-niedowidzenie-da-sie-wyleczyc\/#primaryimage"},"image":{"@id":"https:\/\/myopianetwork.eu\/pl\/czy-niedowidzenie-da-sie-wyleczyc\/#primaryimage"},"thumbnailUrl":"https:\/\/myopianetwork.eu\/wp-content\/uploads\/2022\/02\/niedowidzenie.jpg","datePublished":"2022-06-01T09:46:07+00:00","description":"Znacz\u0105ce pogorszenie widzenia u dzieci mo\u017ce wskazywa\u0107 na niedowidzenie. Wczesna diagnoza i leczenie s\u0105 kluczowe.","breadcrumb":{"@id":"https:\/\/myopianetwork.eu\/pl\/czy-niedowidzenie-da-sie-wyleczyc\/#breadcrumb"},"inLanguage":"pl-PL","potentialAction":[{"@type":"ReadAction","target":["https:\/\/myopianetwork.eu\/pl\/czy-niedowidzenie-da-sie-wyleczyc\/"]}]},{"@type":"ImageObject","inLanguage":"pl-PL","@id":"https:\/\/myopianetwork.eu\/pl\/czy-niedowidzenie-da-sie-wyleczyc\/#primaryimage","url":"https:\/\/myopianetwork.eu\/wp-content\/uploads\/2022\/02\/niedowidzenie.jpg","contentUrl":"https:\/\/myopianetwork.eu\/wp-content\/uploads\/2022\/02\/niedowidzenie.jpg","width":545,"height":389,"caption":"Czy niedowidzenie da si\u0119 \u201cwyleczy\u0107\u201d - 1"},{"@type":"BreadcrumbList","@id":"https:\/\/myopianetwork.eu\/pl\/czy-niedowidzenie-da-sie-wyleczyc\/#breadcrumb","itemListElement":[{"@type":"ListItem","position":1,"name":"Strona g\u0142\u00f3wna","item":"https:\/\/myopianetwork.eu\/pl\/"},{"@type":"ListItem","position":2,"name":"Czy niedowidzenie da si\u0119 \u201cwyleczy\u0107\u201d?"}]},{"@type":"WebSite","@id":"https:\/\/myopianetwork.eu\/pl\/#website","url":"https:\/\/myopianetwork.eu\/pl\/","name":"Fundacja \"Okulistyka 21\"","description":"","publisher":{"@id":"https:\/\/myopianetwork.eu\/pl\/#organization"},"potentialAction":[{"@type":"SearchAction","target":{"@type":"EntryPoint","urlTemplate":"https:\/\/myopianetwork.eu\/pl\/?s={search_term_string}"},"query-input":{"@type":"PropertyValueSpecification","valueRequired":true,"valueName":"search_term_string"}}],"inLanguage":"pl-PL"},{"@type":"Organization","@id":"https:\/\/myopianetwork.eu\/pl\/#organization","name":"Fundacja \"Okulistyka 21\"","url":"https:\/\/myopianetwork.eu\/pl\/","logo":{"@type":"ImageObject","inLanguage":"pl-PL","@id":"https:\/\/myopianetwork.eu\/pl\/#\/schema\/logo\/image\/","url":"https:\/\/myopianetwork.eu\/wp-content\/uploads\/2021\/10\/MYOPIA.png","contentUrl":"https:\/\/myopianetwork.eu\/wp-content\/uploads\/2021\/10\/MYOPIA.png","width":1229,"height":263,"caption":"Fundacja \"Okulistyka 21\""},"image":{"@id":"https:\/\/myopianetwork.eu\/pl\/#\/schema\/logo\/image\/"}},{"@type":"Person","@id":"https:\/\/myopianetwork.eu\/pl\/#\/schema\/person\/d17cb3f0bca08453d4d8b45a91eb4aef","name":"gogler","image":{"@type":"ImageObject","inLanguage":"pl-PL","@id":"https:\/\/myopianetwork.eu\/pl\/#\/schema\/person\/image\/","url":"https:\/\/secure.gravatar.com\/avatar\/c1c5cbe41fb6bdba829223336ad4010ee767abec94874d19918787f2c1e37497?s=96&d=mm&r=g","contentUrl":"https:\/\/secure.gravatar.com\/avatar\/c1c5cbe41fb6bdba829223336ad4010ee767abec94874d19918787f2c1e37497?s=96&d=mm&r=g","caption":"gogler"},"sameAs":["https:\/\/myopianetwork.eu"]}]}},"_links":{"self":[{"href":"https:\/\/myopianetwork.eu\/pl\/wp-json\/wp\/v2\/posts\/1932","targetHints":{"allow":["GET"]}}],"collection":[{"href":"https:\/\/myopianetwork.eu\/pl\/wp-json\/wp\/v2\/posts"}],"about":[{"href":"https:\/\/myopianetwork.eu\/pl\/wp-json\/wp\/v2\/types\/post"}],"author":[{"embeddable":true,"href":"https:\/\/myopianetwork.eu\/pl\/wp-json\/wp\/v2\/users\/1"}],"replies":[{"embeddable":true,"href":"https:\/\/myopianetwork.eu\/pl\/wp-json\/wp\/v2\/comments?post=1932"}],"version-history":[{"count":0,"href":"https:\/\/myopianetwork.eu\/pl\/wp-json\/wp\/v2\/posts\/1932\/revisions"}],"wp:featuredmedia":[{"embeddable":true,"href":"https:\/\/myopianetwork.eu\/pl\/wp-json\/wp\/v2\/media\/1622"}],"wp:attachment":[{"href":"https:\/\/myopianetwork.eu\/pl\/wp-json\/wp\/v2\/media?parent=1932"}],"wp:term":[{"taxonomy":"category","embeddable":true,"href":"https:\/\/myopianetwork.eu\/pl\/wp-json\/wp\/v2\/categories?post=1932"},{"taxonomy":"post_tag","embeddable":true,"href":"https:\/\/myopianetwork.eu\/pl\/wp-json\/wp\/v2\/tags?post=1932"}],"curies":[{"name":"wp","href":"https:\/\/api.w.org\/{rel}","templated":true}]}}