{"id":1936,"date":"2022-12-01T10:24:25","date_gmt":"2022-12-01T09:24:25","guid":{"rendered":"https:\/\/myopianetwork.eu\/na-wzrok-dziecka-czujne-oko-mamy\/"},"modified":"2022-12-01T10:24:25","modified_gmt":"2022-12-01T09:24:25","slug":"na-wzrok-dziecka-czujne-oko-mamy","status":"publish","type":"post","link":"https:\/\/myopianetwork.eu\/pl\/na-wzrok-dziecka-czujne-oko-mamy\/","title":{"rendered":"Na wzrok dziecka czujne oko mamy"},"content":{"rendered":"<p>Prawid\u0142owe widzenie uznaje si\u0119 za jeden z kluczowych element\u00f3w w efektywnym procesie edukacji dziecka. Dobry wzrok dziecka wi\u0105\u017ce si\u0119 z prawid\u0142owymi funkcjami wzrokowymi. Wi\u0119kszo\u015b\u0107 aktywno\u015bci, kt\u00f3re podejmuje dziecko, anga\u017cuje jego oczy do pracy, natomiast jako\u015b\u0107 widzenia przek\u0142ada si\u0119 na jego samopoczucie oraz funkcjonowanie. Tymczasem, jak pokazuj\u0105 badania, w ostatnich latach wzros\u0142a znacz\u0105co liczba dzieci maj\u0105cych problemy ze wzrokiem, natomiast wad\u0119 wzroku posiada wi\u0119cej ni\u017c co czwarty ucze\u0144.   <\/p>\n<p>Po\u015br\u00f3d zdiagnozowanych wad wzroku u dzieci, kr\u00f3tkowzroczno\u015b\u0107 jest wad\u0105 dominuj\u0105c\u0105. Stanowi ona problem zdrowotny, kt\u00f3ry dotyka coraz m\u0142odszych uczni\u00f3w i post\u0119puje najbardziej w wieku szkolnym. Nale\u017cy podkre\u015bli\u0107, i\u017c nieprawid\u0142owo\u015bci wzroku wyst\u0119puj\u0105ce u dziecka wp\u0142ywaj\u0105 na zaburzenia koncentracji, co z kolei mo\u017ce by\u0107 przyczyn\u0105 innych problem\u00f3w, szczeg\u00f3lnie w obszarze edukacji.  <\/p>\n<p>Skutkiem nieskorygowanej wady wzroku u dziecka jest gorszy rozw\u00f3j integracji wzrokowo-motorycznej, kt\u00f3ra jest istotna przy nauce pisania. W wyniku zaburze\u0144 wzroku dzieci cz\u0119\u015bciej gubi\u0105 si\u0119 w tek\u015bcie, cz\u0119sto ponownie czytaj\u0105 lub przepisuj\u0105 ten sam wyraz, mog\u0105 mie\u0107 r\u00f3wnie\u017c trudno\u015bci ze zrozumieniem czytanego fragmentu. Pod\u0142o\u017cem tych trudno\u015bci jest pojawiaj\u0105cy si\u0119 w trakcie czytania dyskomfort oraz towarzysz\u0105ce mu objawy takie dwojenie obrazu czy pulsuj\u0105ce litery. Opr\u00f3cz zaburze\u0144 widzenia mog\u0105 wyst\u0105pi\u0107 b\u00f3le g\u0142owy, a tak\u017ce uczucie napi\u0119cia i zm\u0119czenia ga\u0142ek ocznych. Utrudniony proces \u015bledzenia tekstu skutkowa\u0107 mo\u017ce niech\u0119ci\u0105 do si\u0119gania po ksi\u0105\u017cki oraz pojawieniem si\u0119 trudno\u015bci w nauce, kt\u00f3re wcze\u015bniej nie wyst\u0119powa\u0142y u dziecka.    <\/p>\n<p><strong>Czym jest kr\u00f3tkowzroczno\u015b\u0107?<\/strong><\/p>\n<p>Kr\u00f3tkowzroczno\u015b\u0107 jest wad\u0105 refrakcyjn\u0105 wzroku, polegaj\u0105c\u0105 na tym, \u017ce promienie \u015bwiat\u0142a wpadaj\u0105ce do oka skupiaj\u0105 si\u0119 przed siatk\u00f3wk\u0105 zamiast na siatk\u00f3wce, w wyniku czego obraz daleko po\u0142o\u017conych obiekt\u00f3w powstaj\u0105cy na siatk\u00f3wce jest nieostry.<\/p>\n<p>Kr\u00f3tkowzroczno\u015b\u0107 pojawia si\u0119 zwykle u dzieci w wieku 6\u201312 lat. Dzieci cierpi\u0105ce na kr\u00f3tkowzroczno\u015b\u0107 dobrze widz\u0105 z bliska, natomiast odleg\u0142e przedmioty s\u0105 dla nich niewyra\u017ane, rozmazane lub zamglone. Wada ta, jest nie tylko uci\u0105\u017cliwa w codziennym funkcjonowaniu, niekorygowana mo\u017ce prowadzi\u0107 do powa\u017cnych konsekwencji. Kr\u00f3tkowzroczno\u015b\u0107 stanowi czynnik ryzyka wielu powa\u017cnych chor\u00f3b okulistycznych. G\u0142\u0119boka kr\u00f3tkowzroczno\u015b\u0107 mo\u017ce przyczyni\u0107 si\u0119 do dalszych zmian degeneracyjnych w tylnej cz\u0119\u015bci oka, takich jak odwarstwienie siatk\u00f3wki.    <\/p>\n<p><strong>Przyczyny kr\u00f3tkowzroczno\u015bci<\/strong><\/p>\n<p>Powstanie kr\u00f3tkowzroczno\u015bci i jej rozw\u00f3j s\u0105 uzale\u017cnione od czynnik\u00f3w genetycznych, na kt\u00f3re nak\u0142adaj\u0105 si\u0119 czynniki \u015brodowiskowe. Prawdopodobie\u0144stwo wyst\u0105pienia tej wady wzroku jest wy\u017csze, je\u017celi jedno lub oboje rodzic\u00f3w cierpi na kr\u00f3tkowzroczno\u015b\u0107. <\/p>\n<p>W opinii ekspert\u00f3w ochrony narz\u0105du wzroku, post\u0119puj\u0105cy wzrost kr\u00f3tkowzroczno\u015bci nale\u017cy wi\u0105za\u0107 z obecnym stylem \u017cycia m\u0142odych ludzi w bezpo\u015brednim otoczeniu ekran\u00f3w urz\u0105dze\u0144 cyfrowych i zwi\u0105zane z tym d\u0142ugotrwa\u0142e widzenie w bli\u017cy. W wyniku nadmiernego \u201eprzeci\u0105\u017cania&#8221; oczu dochodzi do kompensacyjnego wyd\u0142u\u017cania ga\u0142ki ocznej. <\/p>\n<p>Ponadto, za czynniki \u015brodowiskowe, kt\u00f3re przyczyniaj\u0105 si\u0119 do powstania i progresji kr\u00f3tkowzroczno\u015bci, nale\u017cy uzna\u0107 nieprzestrzeganie higieny pracy wzrokowej, brak aktywno\u015bci fizycznej b\u0105d\u017a ma\u0142\u0105 aktywno\u015b\u0107, wielogodzinne przebywanie w pomieszczeniach ze sztucznym o\u015bwietleniem oraz zbyt ma\u0142\u0105 ilo\u015b\u0107 czasu sp\u0119dzanego w naturalnym \u015bwietle.<\/p>\n<p>Oznacza to, \u017ce zjawisko kr\u00f3tkowzroczno\u015bci wyst\u0119puje cz\u0119\u015bciej u dzieci, kt\u00f3re sp\u0119dzaj\u0105 wi\u0119kszo\u015b\u0107 dnia w zamkni\u0119tych pomieszczeniach przed ekranem komputera lub telewizora.<\/p>\n<p><strong>Pierwsze niepokoj\u0105ce objawy<\/strong><\/p>\n<p>Dzieci rzadko same zg\u0142aszaj\u0105 problemy z widzeniem, poniewa\u017c nie s\u0105 \u015bwiadome, \u017ce mo\u017cna widzie\u0107 lepiej, dlatego rodzice, opiekunowie, jak r\u00f3wnie\u017c nauczyciele powinni by\u0107 szczeg\u00f3lnie czujni. Warto zwr\u00f3ci\u0107 uwag\u0119 na nietypowe przekrzywianie przez dziecko g\u0142owy podczas ogl\u0105dania ksi\u0105\u017cek lub telewizji. Dzieci, u kt\u00f3rych wyst\u0119puje wada kr\u00f3tkowzroczno\u015bci cz\u0119sto mru\u017c\u0105 oczy podczas patrzenia w dal. Poprzez mru\u017cenie obraz na siatk\u00f3wce staje si\u0119 mniej rozproszony, przez co zwi\u0119ksza si\u0119 jego ostro\u015b\u0107, co daje wra\u017cenie poprawy widzenia.   <\/p>\n<p><strong>W trosce o wzrok dziecka<\/strong><\/p>\n<p>Warto pami\u0119ta\u0107, \u017ce po zauwa\u017ceniu pierwszych objaw\u00f3w problem\u00f3w ze wzrokiem u dziecka, nie nale\u017cy zwleka\u0107 z badaniem i korekcj\u0105 wzroku. Okulista ma mo\u017cliwo\u015b\u0107 rozpoznania kr\u00f3tkowzroczno\u015b\u0107 na podstawie prostego badania wzroku. <\/p>\n<p>Istotne jest nie tylko reagowanie na alarmuj\u0105ce sygna\u0142y, ale r\u00f3wnie\u017c profilaktyka. Zgodnie z aktualnymi rekomendacjami, profilaktyczne badania wzroku powinno si\u0119 odbywa\u0107 przynajmniej raz w roku. Warto pami\u0119ta\u0107 o badaniu wzroku u dziecka jeszcze przed rozpocz\u0119ciem nauki. W przypadku zdiagnozowania wady wzroku, nale\u017cy zapewni\u0107 dziecku badania kontrolnymi wzroku minimum raz na 6 miesi\u0119cy lub \u015bci\u015ble wed\u0142ug zalece\u0144 specjalisty.   <\/p>\n<p>Systematyczne badania wzroku s\u0105 szczeg\u00f3lnie wa\u017cne u dzieci, u kt\u00f3rych wyst\u0119puje podejrzenie dysleksji b\u0105d\u017a dysgrafii. Cz\u0119stsze kontrole okulistyczne nale\u017cy zapewni\u0107 dzieciom, kt\u00f3rych rodzice maj\u0105 zdiagnozowan\u0105 wad\u0119 wzroku. <\/p>\n<p>W trosce o wzrok dziecka warto wybra\u0107 specjalistyczny gabinet, kt\u00f3ry zapewnia opiek\u0119 okulisty dzieci\u0119cego.<\/p>\n<p>&nbsp;<\/p>\n<p><img loading=\"lazy\" decoding=\"async\" class=\"alignnone wp-image-879\" src=\"http:\/\/myopianetwork.eu\/wp-content\/uploads\/2022\/12\/logotyp-Miopia-1.png\" alt=\"Logo Miopia\" width=\"287\" height=\"50\" srcset=\"https:\/\/myopianetwork.eu\/wp-content\/uploads\/2022\/12\/logotyp-Miopia-1.png 572w, https:\/\/myopianetwork.eu\/wp-content\/uploads\/2022\/12\/logotyp-Miopia-1-300x52.png 300w\" sizes=\"auto, (max-width: 287px) 100vw, 287px\" \/>                           <img loading=\"lazy\" decoding=\"async\" class=\"alignnone wp-image-874\" src=\"http:\/\/myopianetwork.eu\/wp-content\/uploads\/2022\/12\/wroclaw_logotyp.jpg\" alt=\"Logo Wroc\u0142aw Miasto spotka\u0144\" width=\"394\" height=\"50\" srcset=\"https:\/\/myopianetwork.eu\/wp-content\/uploads\/2022\/12\/wroclaw_logotyp.jpg 1103w, https:\/\/myopianetwork.eu\/wp-content\/uploads\/2022\/12\/wroclaw_logotyp-300x38.jpg 300w, https:\/\/myopianetwork.eu\/wp-content\/uploads\/2022\/12\/wroclaw_logotyp-1024x130.jpg 1024w\" sizes=\"auto, (max-width: 394px) 100vw, 394px\" \/>                              <img loading=\"lazy\" decoding=\"async\" class=\"alignnone wp-image-878\" src=\"http:\/\/myopianetwork.eu\/wp-content\/uploads\/2022\/12\/logo-Fundacji-PL-1-1.png\" alt=\"Logo Okulistyka 21\" width=\"102\" height=\"75\" srcset=\"https:\/\/myopianetwork.eu\/wp-content\/uploads\/2022\/12\/logo-Fundacji-PL-1-1.png 424w, https:\/\/myopianetwork.eu\/wp-content\/uploads\/2022\/12\/logo-Fundacji-PL-1-1-300x220.png 300w\" sizes=\"auto, (max-width: 102px) 100vw, 102px\" \/><\/p>\n<p>&nbsp;<\/p>\n<p><em>Artyku\u0142 przygotowany w ramach kampanii edukacyjnej \u201eZapobieganie kr\u00f3tkowzroczno\u015bci u dzieci\u201d prowadzonej przez Fundacj\u0119 Wspierania Rozwoju Okulistyki \u201eOkulistyka 21\u201d, finansowanej przez Miasto Wroc\u0142aw; <a href=\"https:\/\/www.wroclaw.pl\/\">www.wroclaw.pl<\/a><\/em><\/p>\n<p>&nbsp;<\/p>\n<p><a ref=\"magnificPopup\" href=\"http:\/\/myopianetwork.eu\/wp-content\/uploads\/2022\/12\/1.jpg\"><img loading=\"lazy\" decoding=\"async\" class=\"alignnone wp-image-859 size-medium\" src=\"http:\/\/myopianetwork.eu\/wp-content\/uploads\/2022\/12\/1-212x300.jpg\" alt=\"Scan artyku\u0142y Na wzrok dziecka\" width=\"212\" height=\"300\" srcset=\"https:\/\/myopianetwork.eu\/wp-content\/uploads\/2022\/12\/1-212x300.jpg 212w, https:\/\/myopianetwork.eu\/wp-content\/uploads\/2022\/12\/1-724x1024.jpg 724w, https:\/\/myopianetwork.eu\/wp-content\/uploads\/2022\/12\/1.jpg 1414w\" sizes=\"auto, (max-width: 212px) 100vw, 212px\" \/><\/a>                                   <a ref=\"magnificPopup\" href=\"http:\/\/myopianetwork.eu\/wp-content\/uploads\/2022\/12\/2.jpg\"><img loading=\"lazy\" decoding=\"async\" class=\"alignnone wp-image-860 size-medium\" src=\"http:\/\/myopianetwork.eu\/wp-content\/uploads\/2022\/12\/2-212x300.jpg\" alt=\"kolejny scan Na wzrok dziecka\" width=\"212\" height=\"300\" srcset=\"https:\/\/myopianetwork.eu\/wp-content\/uploads\/2022\/12\/2-212x300.jpg 212w, https:\/\/myopianetwork.eu\/wp-content\/uploads\/2022\/12\/2-724x1024.jpg 724w, https:\/\/myopianetwork.eu\/wp-content\/uploads\/2022\/12\/2.jpg 1414w\" sizes=\"auto, (max-width: 212px) 100vw, 212px\" \/><\/a>                                   <a ref=\"magnificPopup\" href=\"http:\/\/myopianetwork.eu\/wp-content\/uploads\/2022\/12\/3.jpg\"><img loading=\"lazy\" decoding=\"async\" class=\"alignnone wp-image-861 size-medium\" src=\"http:\/\/myopianetwork.eu\/wp-content\/uploads\/2022\/12\/3-212x300.jpg\" alt=\"ostatni scan\" width=\"212\" height=\"300\" srcset=\"https:\/\/myopianetwork.eu\/wp-content\/uploads\/2022\/12\/3-212x300.jpg 212w, https:\/\/myopianetwork.eu\/wp-content\/uploads\/2022\/12\/3-724x1024.jpg 724w, https:\/\/myopianetwork.eu\/wp-content\/uploads\/2022\/12\/3.jpg 1414w\" sizes=\"auto, (max-width: 212px) 100vw, 212px\" \/><\/a><\/p>\n","protected":false},"excerpt":{"rendered":"<p>Prawid\u0142owe widzenie uznaje si\u0119 za jeden z kluczowych element\u00f3w w efektywnym procesie edukacji dziecka. Dobry wzrok dziecka wi\u0105\u017ce si\u0119 z prawid\u0142owymi funkcjami wzrokowymi. Wi\u0119kszo\u015b\u0107 aktywno\u015bci, kt\u00f3re podejmuje dziecko, anga\u017cuje jego oczy do pracy, natomiast jako\u015b\u0107 widzenia przek\u0142ada si\u0119 na jego samopoczucie oraz funkcjonowanie. Tymczasem, jak pokazuj\u0105 badania, w ostatnich latach wzros\u0142a znacz\u0105co liczba dzieci maj\u0105cych&#8230;<\/p>\n","protected":false},"author":8,"featured_media":1677,"comment_status":"closed","ping_status":"closed","sticky":false,"template":"","format":"standard","meta":{"_acf_changed":false,"footnotes":""},"categories":[23,24],"tags":[],"class_list":["post-1936","post","type-post","status-publish","format-standard","has-post-thumbnail","hentry","category-artykul-pl","category-polish-pl"],"acf":[],"yoast_head":"<!-- This site is optimized with the Yoast SEO plugin v25.3 - https:\/\/yoast.com\/wordpress\/plugins\/seo\/ -->\n<title>Na wzrok dziecka czujne oko mamy - Fundacja &quot;Okulistyka 21&quot;<\/title>\n<meta name=\"description\" content=\"Zadbaj o wzrok Twojego dziecka: regularne kontrole mog\u0105 zapobiec problemom edukacyjnym i komfortowi \u017cycia zwi\u0105zanych z wad\u0105 wzroku.\" \/>\n<meta name=\"robots\" content=\"index, follow, max-snippet:-1, max-image-preview:large, max-video-preview:-1\" \/>\n<link rel=\"canonical\" href=\"https:\/\/myopianetwork.eu\/pl\/na-wzrok-dziecka-czujne-oko-mamy\/\" \/>\n<meta property=\"og:locale\" content=\"pl_PL\" \/>\n<meta property=\"og:type\" content=\"article\" \/>\n<meta property=\"og:title\" content=\"Na wzrok dziecka czujne oko mamy - Fundacja &quot;Okulistyka 21&quot;\" \/>\n<meta property=\"og:description\" content=\"Zadbaj o wzrok Twojego dziecka: regularne kontrole mog\u0105 zapobiec problemom edukacyjnym i komfortowi \u017cycia zwi\u0105zanych z wad\u0105 wzroku.\" \/>\n<meta property=\"og:url\" content=\"https:\/\/myopianetwork.eu\/pl\/na-wzrok-dziecka-czujne-oko-mamy\/\" \/>\n<meta property=\"og:site_name\" content=\"Fundacja &quot;Okulistyka 21&quot;\" \/>\n<meta property=\"article:published_time\" content=\"2022-12-01T09:24:25+00:00\" \/>\n<meta property=\"og:image\" content=\"https:\/\/myopianetwork.eu\/wp-content\/uploads\/2022\/12\/Baner-na-strone-do-artykulu-NA-WZROK-DZIECKA-CZUJNE-OKO-MAMY.jpg\" \/>\n\t<meta property=\"og:image:width\" content=\"940\" \/>\n\t<meta property=\"og:image:height\" content=\"788\" \/>\n\t<meta property=\"og:image:type\" content=\"image\/jpeg\" \/>\n<meta name=\"author\" content=\"edytor\" \/>\n<meta name=\"twitter:card\" content=\"summary_large_image\" \/>\n<meta name=\"twitter:label1\" content=\"Napisane przez\" \/>\n\t<meta name=\"twitter:data1\" content=\"edytor\" \/>\n\t<meta name=\"twitter:label2\" content=\"Szacowany czas czytania\" \/>\n\t<meta name=\"twitter:data2\" content=\"4 minuty\" \/>\n<script type=\"application\/ld+json\" class=\"yoast-schema-graph\">{\"@context\":\"https:\/\/schema.org\",\"@graph\":[{\"@type\":\"Article\",\"@id\":\"https:\/\/myopianetwork.eu\/pl\/na-wzrok-dziecka-czujne-oko-mamy\/#article\",\"isPartOf\":{\"@id\":\"https:\/\/myopianetwork.eu\/pl\/na-wzrok-dziecka-czujne-oko-mamy\/\"},\"author\":{\"name\":\"edytor\",\"@id\":\"https:\/\/myopianetwork.eu\/pl\/#\/schema\/person\/4e6bbb453c1a16947fee28fc2635d140\"},\"headline\":\"Na wzrok dziecka czujne oko mamy\",\"datePublished\":\"2022-12-01T09:24:25+00:00\",\"mainEntityOfPage\":{\"@id\":\"https:\/\/myopianetwork.eu\/pl\/na-wzrok-dziecka-czujne-oko-mamy\/\"},\"wordCount\":883,\"publisher\":{\"@id\":\"https:\/\/myopianetwork.eu\/pl\/#organization\"},\"image\":{\"@id\":\"https:\/\/myopianetwork.eu\/pl\/na-wzrok-dziecka-czujne-oko-mamy\/#primaryimage\"},\"thumbnailUrl\":\"https:\/\/myopianetwork.eu\/wp-content\/uploads\/2022\/12\/Baner-na-strone-do-artykulu-NA-WZROK-DZIECKA-CZUJNE-OKO-MAMY.jpg\",\"articleSection\":[\"Artyku\u0142\",\"Polish\"],\"inLanguage\":\"pl-PL\"},{\"@type\":\"WebPage\",\"@id\":\"https:\/\/myopianetwork.eu\/pl\/na-wzrok-dziecka-czujne-oko-mamy\/\",\"url\":\"https:\/\/myopianetwork.eu\/pl\/na-wzrok-dziecka-czujne-oko-mamy\/\",\"name\":\"Na wzrok dziecka czujne oko mamy - Fundacja &quot;Okulistyka 21&quot;\",\"isPartOf\":{\"@id\":\"https:\/\/myopianetwork.eu\/pl\/#website\"},\"primaryImageOfPage\":{\"@id\":\"https:\/\/myopianetwork.eu\/pl\/na-wzrok-dziecka-czujne-oko-mamy\/#primaryimage\"},\"image\":{\"@id\":\"https:\/\/myopianetwork.eu\/pl\/na-wzrok-dziecka-czujne-oko-mamy\/#primaryimage\"},\"thumbnailUrl\":\"https:\/\/myopianetwork.eu\/wp-content\/uploads\/2022\/12\/Baner-na-strone-do-artykulu-NA-WZROK-DZIECKA-CZUJNE-OKO-MAMY.jpg\",\"datePublished\":\"2022-12-01T09:24:25+00:00\",\"description\":\"Zadbaj o wzrok Twojego dziecka: regularne kontrole mog\u0105 zapobiec problemom edukacyjnym i komfortowi \u017cycia zwi\u0105zanych z wad\u0105 wzroku.\",\"breadcrumb\":{\"@id\":\"https:\/\/myopianetwork.eu\/pl\/na-wzrok-dziecka-czujne-oko-mamy\/#breadcrumb\"},\"inLanguage\":\"pl-PL\",\"potentialAction\":[{\"@type\":\"ReadAction\",\"target\":[\"https:\/\/myopianetwork.eu\/pl\/na-wzrok-dziecka-czujne-oko-mamy\/\"]}]},{\"@type\":\"ImageObject\",\"inLanguage\":\"pl-PL\",\"@id\":\"https:\/\/myopianetwork.eu\/pl\/na-wzrok-dziecka-czujne-oko-mamy\/#primaryimage\",\"url\":\"https:\/\/myopianetwork.eu\/wp-content\/uploads\/2022\/12\/Baner-na-strone-do-artykulu-NA-WZROK-DZIECKA-CZUJNE-OKO-MAMY.jpg\",\"contentUrl\":\"https:\/\/myopianetwork.eu\/wp-content\/uploads\/2022\/12\/Baner-na-strone-do-artykulu-NA-WZROK-DZIECKA-CZUJNE-OKO-MAMY.jpg\",\"width\":940,\"height\":788,\"caption\":\"Baner na stron\u0119 do artyku\u0142u NA WZROK DZIECKA CZUJNE OKO MAMY\"},{\"@type\":\"BreadcrumbList\",\"@id\":\"https:\/\/myopianetwork.eu\/pl\/na-wzrok-dziecka-czujne-oko-mamy\/#breadcrumb\",\"itemListElement\":[{\"@type\":\"ListItem\",\"position\":1,\"name\":\"Strona g\u0142\u00f3wna\",\"item\":\"https:\/\/myopianetwork.eu\/pl\/\"},{\"@type\":\"ListItem\",\"position\":2,\"name\":\"Na wzrok dziecka czujne oko mamy\"}]},{\"@type\":\"WebSite\",\"@id\":\"https:\/\/myopianetwork.eu\/pl\/#website\",\"url\":\"https:\/\/myopianetwork.eu\/pl\/\",\"name\":\"Fundacja \\\"Okulistyka 21\\\"\",\"description\":\"\",\"publisher\":{\"@id\":\"https:\/\/myopianetwork.eu\/pl\/#organization\"},\"potentialAction\":[{\"@type\":\"SearchAction\",\"target\":{\"@type\":\"EntryPoint\",\"urlTemplate\":\"https:\/\/myopianetwork.eu\/pl\/?s={search_term_string}\"},\"query-input\":{\"@type\":\"PropertyValueSpecification\",\"valueRequired\":true,\"valueName\":\"search_term_string\"}}],\"inLanguage\":\"pl-PL\"},{\"@type\":\"Organization\",\"@id\":\"https:\/\/myopianetwork.eu\/pl\/#organization\",\"name\":\"Fundacja \\\"Okulistyka 21\\\"\",\"url\":\"https:\/\/myopianetwork.eu\/pl\/\",\"logo\":{\"@type\":\"ImageObject\",\"inLanguage\":\"pl-PL\",\"@id\":\"https:\/\/myopianetwork.eu\/pl\/#\/schema\/logo\/image\/\",\"url\":\"https:\/\/myopianetwork.eu\/wp-content\/uploads\/2021\/10\/MYOPIA.png\",\"contentUrl\":\"https:\/\/myopianetwork.eu\/wp-content\/uploads\/2021\/10\/MYOPIA.png\",\"width\":1229,\"height\":263,\"caption\":\"Fundacja \\\"Okulistyka 21\\\"\"},\"image\":{\"@id\":\"https:\/\/myopianetwork.eu\/pl\/#\/schema\/logo\/image\/\"}},{\"@type\":\"Person\",\"@id\":\"https:\/\/myopianetwork.eu\/pl\/#\/schema\/person\/4e6bbb453c1a16947fee28fc2635d140\",\"name\":\"edytor\",\"image\":{\"@type\":\"ImageObject\",\"inLanguage\":\"pl-PL\",\"@id\":\"https:\/\/myopianetwork.eu\/pl\/#\/schema\/person\/image\/\",\"url\":\"https:\/\/secure.gravatar.com\/avatar\/d4c9dc2866e83e1d1e67db881e936211414bc0477240d288bd5ae67777a67660?s=96&d=mm&r=g\",\"contentUrl\":\"https:\/\/secure.gravatar.com\/avatar\/d4c9dc2866e83e1d1e67db881e936211414bc0477240d288bd5ae67777a67660?s=96&d=mm&r=g\",\"caption\":\"edytor\"}}]}<\/script>\n<!-- \/ Yoast SEO plugin. -->","yoast_head_json":{"title":"Na wzrok dziecka czujne oko mamy - Fundacja &quot;Okulistyka 21&quot;","description":"Zadbaj o wzrok Twojego dziecka: regularne kontrole mog\u0105 zapobiec problemom edukacyjnym i komfortowi \u017cycia zwi\u0105zanych z wad\u0105 wzroku.","robots":{"index":"index","follow":"follow","max-snippet":"max-snippet:-1","max-image-preview":"max-image-preview:large","max-video-preview":"max-video-preview:-1"},"canonical":"https:\/\/myopianetwork.eu\/pl\/na-wzrok-dziecka-czujne-oko-mamy\/","og_locale":"pl_PL","og_type":"article","og_title":"Na wzrok dziecka czujne oko mamy - Fundacja &quot;Okulistyka 21&quot;","og_description":"Zadbaj o wzrok Twojego dziecka: regularne kontrole mog\u0105 zapobiec problemom edukacyjnym i komfortowi \u017cycia zwi\u0105zanych z wad\u0105 wzroku.","og_url":"https:\/\/myopianetwork.eu\/pl\/na-wzrok-dziecka-czujne-oko-mamy\/","og_site_name":"Fundacja &quot;Okulistyka 21&quot;","article_published_time":"2022-12-01T09:24:25+00:00","og_image":[{"width":940,"height":788,"url":"https:\/\/myopianetwork.eu\/wp-content\/uploads\/2022\/12\/Baner-na-strone-do-artykulu-NA-WZROK-DZIECKA-CZUJNE-OKO-MAMY.jpg","type":"image\/jpeg"}],"author":"edytor","twitter_card":"summary_large_image","twitter_misc":{"Napisane przez":"edytor","Szacowany czas czytania":"4 minuty"},"schema":{"@context":"https:\/\/schema.org","@graph":[{"@type":"Article","@id":"https:\/\/myopianetwork.eu\/pl\/na-wzrok-dziecka-czujne-oko-mamy\/#article","isPartOf":{"@id":"https:\/\/myopianetwork.eu\/pl\/na-wzrok-dziecka-czujne-oko-mamy\/"},"author":{"name":"edytor","@id":"https:\/\/myopianetwork.eu\/pl\/#\/schema\/person\/4e6bbb453c1a16947fee28fc2635d140"},"headline":"Na wzrok dziecka czujne oko mamy","datePublished":"2022-12-01T09:24:25+00:00","mainEntityOfPage":{"@id":"https:\/\/myopianetwork.eu\/pl\/na-wzrok-dziecka-czujne-oko-mamy\/"},"wordCount":883,"publisher":{"@id":"https:\/\/myopianetwork.eu\/pl\/#organization"},"image":{"@id":"https:\/\/myopianetwork.eu\/pl\/na-wzrok-dziecka-czujne-oko-mamy\/#primaryimage"},"thumbnailUrl":"https:\/\/myopianetwork.eu\/wp-content\/uploads\/2022\/12\/Baner-na-strone-do-artykulu-NA-WZROK-DZIECKA-CZUJNE-OKO-MAMY.jpg","articleSection":["Artyku\u0142","Polish"],"inLanguage":"pl-PL"},{"@type":"WebPage","@id":"https:\/\/myopianetwork.eu\/pl\/na-wzrok-dziecka-czujne-oko-mamy\/","url":"https:\/\/myopianetwork.eu\/pl\/na-wzrok-dziecka-czujne-oko-mamy\/","name":"Na wzrok dziecka czujne oko mamy - Fundacja &quot;Okulistyka 21&quot;","isPartOf":{"@id":"https:\/\/myopianetwork.eu\/pl\/#website"},"primaryImageOfPage":{"@id":"https:\/\/myopianetwork.eu\/pl\/na-wzrok-dziecka-czujne-oko-mamy\/#primaryimage"},"image":{"@id":"https:\/\/myopianetwork.eu\/pl\/na-wzrok-dziecka-czujne-oko-mamy\/#primaryimage"},"thumbnailUrl":"https:\/\/myopianetwork.eu\/wp-content\/uploads\/2022\/12\/Baner-na-strone-do-artykulu-NA-WZROK-DZIECKA-CZUJNE-OKO-MAMY.jpg","datePublished":"2022-12-01T09:24:25+00:00","description":"Zadbaj o wzrok Twojego dziecka: regularne kontrole mog\u0105 zapobiec problemom edukacyjnym i komfortowi \u017cycia zwi\u0105zanych z wad\u0105 wzroku.","breadcrumb":{"@id":"https:\/\/myopianetwork.eu\/pl\/na-wzrok-dziecka-czujne-oko-mamy\/#breadcrumb"},"inLanguage":"pl-PL","potentialAction":[{"@type":"ReadAction","target":["https:\/\/myopianetwork.eu\/pl\/na-wzrok-dziecka-czujne-oko-mamy\/"]}]},{"@type":"ImageObject","inLanguage":"pl-PL","@id":"https:\/\/myopianetwork.eu\/pl\/na-wzrok-dziecka-czujne-oko-mamy\/#primaryimage","url":"https:\/\/myopianetwork.eu\/wp-content\/uploads\/2022\/12\/Baner-na-strone-do-artykulu-NA-WZROK-DZIECKA-CZUJNE-OKO-MAMY.jpg","contentUrl":"https:\/\/myopianetwork.eu\/wp-content\/uploads\/2022\/12\/Baner-na-strone-do-artykulu-NA-WZROK-DZIECKA-CZUJNE-OKO-MAMY.jpg","width":940,"height":788,"caption":"Baner na stron\u0119 do artyku\u0142u NA WZROK DZIECKA CZUJNE OKO MAMY"},{"@type":"BreadcrumbList","@id":"https:\/\/myopianetwork.eu\/pl\/na-wzrok-dziecka-czujne-oko-mamy\/#breadcrumb","itemListElement":[{"@type":"ListItem","position":1,"name":"Strona g\u0142\u00f3wna","item":"https:\/\/myopianetwork.eu\/pl\/"},{"@type":"ListItem","position":2,"name":"Na wzrok dziecka czujne oko mamy"}]},{"@type":"WebSite","@id":"https:\/\/myopianetwork.eu\/pl\/#website","url":"https:\/\/myopianetwork.eu\/pl\/","name":"Fundacja \"Okulistyka 21\"","description":"","publisher":{"@id":"https:\/\/myopianetwork.eu\/pl\/#organization"},"potentialAction":[{"@type":"SearchAction","target":{"@type":"EntryPoint","urlTemplate":"https:\/\/myopianetwork.eu\/pl\/?s={search_term_string}"},"query-input":{"@type":"PropertyValueSpecification","valueRequired":true,"valueName":"search_term_string"}}],"inLanguage":"pl-PL"},{"@type":"Organization","@id":"https:\/\/myopianetwork.eu\/pl\/#organization","name":"Fundacja \"Okulistyka 21\"","url":"https:\/\/myopianetwork.eu\/pl\/","logo":{"@type":"ImageObject","inLanguage":"pl-PL","@id":"https:\/\/myopianetwork.eu\/pl\/#\/schema\/logo\/image\/","url":"https:\/\/myopianetwork.eu\/wp-content\/uploads\/2021\/10\/MYOPIA.png","contentUrl":"https:\/\/myopianetwork.eu\/wp-content\/uploads\/2021\/10\/MYOPIA.png","width":1229,"height":263,"caption":"Fundacja \"Okulistyka 21\""},"image":{"@id":"https:\/\/myopianetwork.eu\/pl\/#\/schema\/logo\/image\/"}},{"@type":"Person","@id":"https:\/\/myopianetwork.eu\/pl\/#\/schema\/person\/4e6bbb453c1a16947fee28fc2635d140","name":"edytor","image":{"@type":"ImageObject","inLanguage":"pl-PL","@id":"https:\/\/myopianetwork.eu\/pl\/#\/schema\/person\/image\/","url":"https:\/\/secure.gravatar.com\/avatar\/d4c9dc2866e83e1d1e67db881e936211414bc0477240d288bd5ae67777a67660?s=96&d=mm&r=g","contentUrl":"https:\/\/secure.gravatar.com\/avatar\/d4c9dc2866e83e1d1e67db881e936211414bc0477240d288bd5ae67777a67660?s=96&d=mm&r=g","caption":"edytor"}}]}},"_links":{"self":[{"href":"https:\/\/myopianetwork.eu\/pl\/wp-json\/wp\/v2\/posts\/1936","targetHints":{"allow":["GET"]}}],"collection":[{"href":"https:\/\/myopianetwork.eu\/pl\/wp-json\/wp\/v2\/posts"}],"about":[{"href":"https:\/\/myopianetwork.eu\/pl\/wp-json\/wp\/v2\/types\/post"}],"author":[{"embeddable":true,"href":"https:\/\/myopianetwork.eu\/pl\/wp-json\/wp\/v2\/users\/8"}],"replies":[{"embeddable":true,"href":"https:\/\/myopianetwork.eu\/pl\/wp-json\/wp\/v2\/comments?post=1936"}],"version-history":[{"count":0,"href":"https:\/\/myopianetwork.eu\/pl\/wp-json\/wp\/v2\/posts\/1936\/revisions"}],"wp:featuredmedia":[{"embeddable":true,"href":"https:\/\/myopianetwork.eu\/pl\/wp-json\/wp\/v2\/media\/1677"}],"wp:attachment":[{"href":"https:\/\/myopianetwork.eu\/pl\/wp-json\/wp\/v2\/media?parent=1936"}],"wp:term":[{"taxonomy":"category","embeddable":true,"href":"https:\/\/myopianetwork.eu\/pl\/wp-json\/wp\/v2\/categories?post=1936"},{"taxonomy":"post_tag","embeddable":true,"href":"https:\/\/myopianetwork.eu\/pl\/wp-json\/wp\/v2\/tags?post=1936"}],"curies":[{"name":"wp","href":"https:\/\/api.w.org\/{rel}","templated":true}]}}