{"id":1939,"date":"2023-05-23T15:19:07","date_gmt":"2023-05-23T13:19:07","guid":{"rendered":"https:\/\/myopianetwork.eu\/epidemiologia-krotkowzrocznosci\/"},"modified":"2023-05-23T15:19:07","modified_gmt":"2023-05-23T13:19:07","slug":"epidemiologia-krotkowzrocznosci","status":"publish","type":"post","link":"https:\/\/myopianetwork.eu\/pl\/epidemiologia-krotkowzrocznosci\/","title":{"rendered":"Epidemiologia kr\u00f3tkowzroczno\u015bci"},"content":{"rendered":"<h4 class=\"Default\">Artyku\u0142 zosta\u0142 opracowany w ramach projektu pt.: <i>Kampania edukacyjna dotycz\u0105ca kr\u00f3tkowzroczno\u015bci wraz z badaniami przesiewowymi wzroku dzieci w wieku przedszkolnym i szkolnym w powiecie pozna\u0144skim, wsp\u00f3\u0142finansowanego ze \u015brodk\u00f3w Powiatu Pozna\u0144skiego<\/i><\/h4>\n<p><img loading=\"lazy\" decoding=\"async\" class=\"size-full wp-image-1069 aligncenter\" src=\"http:\/\/myopianetwork.eu\/wp-content\/uploads\/2023\/05\/MAFfOwverYM.webp\" alt=\"\" width=\"645\" height=\"330\" srcset=\"https:\/\/myopianetwork.eu\/wp-content\/uploads\/2023\/05\/MAFfOwverYM.webp 645w, https:\/\/myopianetwork.eu\/wp-content\/uploads\/2023\/05\/MAFfOwverYM-300x153.webp 300w\" sizes=\"auto, (max-width: 645px) 100vw, 645px\" \/><\/p>\n<p>Kr\u00f3tkowzroczno\u015b\u0107 jest powszechn\u0105 wad\u0105 wzroku charakteryzuj\u0105c\u0105 si\u0119 niezdolno\u015bci\u0105 do wyra\u017anego widzenia odleg\u0142ych obiekt\u00f3w. Cz\u0119sto\u015b\u0107 wyst\u0119powania kr\u00f3tkowzroczno\u015bci wzrasta na ca\u0142ym \u015bwiecie, szczeg\u00f3lnie w\u015br\u00f3d dzieci, co czyni j\u0105 wa\u017cnym problemem zdrowia publicznego. Poni\u017cej przedstawione zostanie wyst\u0119powanie kr\u00f3tkowzroczno\u015bci u dzieci w r\u00f3\u017cnych cz\u0119\u015bciach \u015bwiata.  <\/p>\n<p><strong>Azja Wschodnia i Po\u0142udniowo-Wschodnia<\/strong><\/p>\n<p>Wska\u017aniki kr\u00f3tkowzroczno\u015bci w krajach Azji Wschodniej i Po\u0142udniowo-Wschodniej, takich jak Chiny, Singapur, Tajwan, Korea Po\u0142udniowa i Japonia, nale\u017c\u0105 do najwy\u017cszych na \u015bwiecie. Na obszarach miejskich cz\u0119sto\u015b\u0107 wyst\u0119powania kr\u00f3tkowzroczno\u015bci mo\u017ce si\u0119ga\u0107 nawet 80-90% w\u015br\u00f3d m\u0142odych doros\u0142ych. Ta wysoka cz\u0119sto\u015b\u0107 wyst\u0119powania zosta\u0142a przypisana po\u0142\u0105czeniu czynnik\u00f3w genetycznych i \u015brodowiskowych, w tym intensywnej presji edukacyjnej oraz ograniczonej aktywno\u015bci na \u015bwie\u017cym powietrzu.  <\/p>\n<p>Chiny maj\u0105 jeden z najwy\u017cszych wska\u017anik\u00f3w rozpowszechnienia kr\u00f3tkowzroczno\u015bci na \u015bwiecie, szczeg\u00f3lnie w\u015br\u00f3d dzieci i m\u0142odzie\u017cy. Wska\u017aniki kr\u00f3tkowzroczno\u015bci w Chinach osi\u0105gn\u0119\u0142y alarmuj\u0105cy poziom, a cz\u0119sto\u015b\u0107 wyst\u0119powania jest znacznie wy\u017csza ni\u017c w wielu innych krajach. Cz\u0119sto\u015b\u0107 wyst\u0119powania kr\u00f3tkowzroczno\u015bci u dzieci w wieku szkolnym na obszarach miejskich mo\u017ce si\u0119ga\u0107 nawet 70-80%, a nawet wi\u0119cej w\u015br\u00f3d m\u0142odych doros\u0142ych. Rozpowszechnienie kr\u00f3tkowzroczno\u015bci jest zwykle wy\u017csze na obszarach miejskich w por\u00f3wnaniu z regionami wiejskimi w Chinach. Uwa\u017ca si\u0119, \u017ce urbanizacja i zwi\u0105zane z ni\u0105 zmiany stylu \u017cycia, takie jak skr\u00f3cenie czasu sp\u0119dzanego na \u015bwie\u017cym powietrzu i zwi\u0119kszenie aktywno\u015bci wzrokowej z bliska, przyczyniaj\u0105 si\u0119 do wy\u017cszych wska\u017anik\u00f3w kr\u00f3tkowzroczno\u015bci obserwowanych w populacjach miejskich. Cz\u0119sto\u015b\u0107 wyst\u0119powania kr\u00f3tkowzroczno\u015bci wzrasta w Chinach wraz z wiekiem. Czynniki genetyczne r\u00f3wnie\u017c odgrywaj\u0105 rol\u0119 w rozwoju kr\u00f3tkowzroczno\u015bci w populacji chi\u0144skiej. Z podatno\u015bci\u0105 na kr\u00f3tkowzroczno\u015b\u0107 zidentyfikowano wiele wariant\u00f3w genetycznych. Interakcje mi\u0119dzy predyspozycjami genetycznymi a czynnikami \u015brodowiskowymi prawdopodobnie przyczyniaj\u0105 si\u0119 do wysokiego wska\u017anika kr\u00f3tkowzroczno\u015bci obserwowanego w Chinach. Znaczna cz\u0119sto\u015b\u0107 wyst\u0119powania kr\u00f3tkowzroczno\u015bci w Chinach doprowadzi\u0142a do rosn\u0105cego uznania jej wp\u0142ywu na zdrowie publiczne. Rz\u0105d chi\u0144ski wdro\u017cy\u0142 r\u00f3\u017cne strategie, aby rozwi\u0105za\u0107 ten problem, w tym promowanie aktywno\u015bci na \u015bwie\u017cym powietrzu, zmniejszenie obci\u0105\u017cenia prac\u0105 wzrokow\u0105 w szkole oraz podnoszenie \u015bwiadomo\u015bci na temat zapobiegania i kontroli kr\u00f3tkowzroczno\u015bci.          <\/p>\n<p><strong>Ameryka P\u00f3\u0142nocna<\/strong><\/p>\n<p>Wska\u017aniki kr\u00f3tkowzroczno\u015bci w Ameryce P\u00f3\u0142nocnej r\u00f3wnie\u017c rosn\u0105, chocia\u017c cz\u0119sto\u015b\u0107 wyst\u0119powania jest og\u00f3lnie ni\u017csza w por\u00f3wnaniu z krajami Azji Wschodniej i Po\u0142udniowo-Wschodniej. Cz\u0119sto\u015b\u0107 wyst\u0119powania jest r\u00f3\u017cna w r\u00f3\u017cnych grupach etnicznych i spo\u0142eczno-ekonomicznych. Urbanizacja, skr\u00f3cenie czasu sp\u0119dzanego na \u015bwie\u017cym powietrzu i zwi\u0119kszenie aktywno\u015bci wzrokowej z bliska, w tym d\u0142ugotrwa\u0142e korzystanie z urz\u0105dze\u0144 cyfrowych, s\u0105 uwa\u017cane za potencjalne czynniki ryzyka rozwoju kr\u00f3tkowzroczno\u015bci.  <\/p>\n<p><strong>Afryka i Ameryka Po\u0142udniowa<\/strong><\/p>\n<p>Dane dotycz\u0105ce rozpowszechnienia kr\u00f3tkowzroczno\u015bci w tych regionach s\u0105 ograniczone, ale badania sugeruj\u0105 stosunkowo ni\u017csze wska\u017aniki w por\u00f3wnaniu z Azj\u0105 Wschodni\u0105 i Europ\u0105. Jednak urbanizacja i zmieniaj\u0105cy si\u0119 styl \u017cycia w szybko rozwijaj\u0105cych si\u0119 obszarach miejskich mog\u0105 z czasem prowadzi\u0107 do wzrostu wska\u017anik\u00f3w kr\u00f3tkowzroczno\u015bci. <\/p>\n<p><strong>Europa<\/strong><\/p>\n<p>Cz\u0119sto\u015b\u0107 wyst\u0119powania kr\u00f3tkowzroczno\u015bci w krajach europejskich r\u00f3\u017cni si\u0119 w zale\u017cno\u015bci od regionu. Og\u00f3lnie rzecz bior\u0105c, kraje Europy P\u00f3\u0142nocnej maj\u0105 zwykle ni\u017csze wska\u017aniki kr\u00f3tkowzroczno\u015bci w por\u00f3wnaniu z krajami Europy Po\u0142udniowej i Wschodniej. Jednak w ostatnich dziesi\u0119cioleciach obserwuje si\u0119 tendencj\u0119 wzrostow\u0105 cz\u0119sto\u015bci wyst\u0119powania kr\u00f3tkowzroczno\u015bci. Czynniki takie jak urbanizacja, wzmo\u017cona aktywno\u015b\u0107 wzrokowa z bliska oraz zmiany stylu \u017cycia mog\u0105 przyczyni\u0107 si\u0119 do wzrostu cz\u0119sto\u015bci wyst\u0119powania kr\u00f3tkowzroczno\u015bci u dzieci w Europie.   <\/p>\n<p><img loading=\"lazy\" decoding=\"async\" class=\"aligncenter wp-image-1064 size-full\" src=\"http:\/\/myopianetwork.eu\/wp-content\/uploads\/2023\/05\/Epidem_1.jpg\" alt=\"Epidemiologia kr\u00f3tkowzroczno\u015bci (2)\" width=\"500\" height=\"500\" srcset=\"https:\/\/myopianetwork.eu\/wp-content\/uploads\/2023\/05\/Epidem_1.jpg 500w, https:\/\/myopianetwork.eu\/wp-content\/uploads\/2023\/05\/Epidem_1-300x300.jpg 300w, https:\/\/myopianetwork.eu\/wp-content\/uploads\/2023\/05\/Epidem_1-150x150.jpg 150w\" sizes=\"auto, (max-width: 500px) 100vw, 500px\" \/><\/p>\n<p><strong>Wschodnia Europa<\/strong><\/p>\n<p>Wska\u017aniki kr\u00f3tkowzroczno\u015bci w krajach Europy Wschodniej, takich jak Polska, W\u0119gry, Czechy i Rumunia, wykazuj\u0105 du\u017ce zr\u00f3\u017cnicowanie. Niekt\u00f3re badania wskazuj\u0105 na mniejsz\u0105 cz\u0119sto\u015b\u0107 wyst\u0119powania kr\u00f3tkowzroczno\u015bci na obszarach wiejskich w por\u00f3wnaniu z obszarami miejskimi. Urbanizacja, zmieniaj\u0105cy si\u0119 styl \u017cycia i zwi\u0119kszona aktywno\u015b\u0107 wzrokowa z bliska to czynniki, kt\u00f3re mog\u0105 przyczyni\u0107 si\u0119 do wzrostu wska\u017anik\u00f3w kr\u00f3tkowzroczno\u015bci w tych regionach.  <\/p>\n<p><strong>Polska<\/strong><\/p>\n<p>W Polsce cz\u0119sto\u015b\u0107 wyst\u0119powania kr\u00f3tkowzroczno\u015bci wzrasta w ostatnich latach, podobnie jak w innych cz\u0119\u015bciach Europy. Chocia\u017c konkretne dane dotycz\u0105ce rozpowszechnienia kr\u00f3tkowzroczno\u015bci w Polsce mog\u0105 si\u0119 r\u00f3\u017cni\u0107 w zale\u017cno\u015bci od bada\u0144, kilka bada\u0144 rzuci\u0142o \u015bwiat\u0142o na t\u0119 sytuacj\u0119. Badania przeprowadzone w r\u00f3\u017cnych regionach Polski wykaza\u0142y zr\u00f3\u017cnicowan\u0105 cz\u0119sto\u015b\u0107 wyst\u0119powania kr\u00f3tkowzroczno\u015bci w\u015br\u00f3d dzieci. Zg\u0142oszona cz\u0119sto\u015b\u0107 wyst\u0119powania waha si\u0119 od oko\u0142o 20% do ponad 50%, w zale\u017cno\u015bci od grupy wiekowej i konkretnej badanej populacji. Og\u00f3lnie rzecz bior\u0105c, wska\u017aniki kr\u00f3tkowzroczno\u015bci s\u0105 zwykle wy\u017csze na obszarach miejskich w por\u00f3wnaniu z regionami wiejskimi.    <\/p>\n<p>Og\u00f3lnie rzecz bior\u0105c, kr\u00f3tkowzroczno\u015b\u0107 jest globalnym problemem dotykaj\u0105cym dzieci na ca\u0142ym \u015bwiecie, ze szczeg\u00f3lnie wysokim wska\u017anikiem w krajach Azji Wschodniej i Po\u0142udniowo-Wschodniej. Jednak rosn\u0105ca cz\u0119sto\u015b\u0107 wyst\u0119powania kr\u00f3tkowzroczno\u015bci w innych regionach podkre\u015bla potrzeb\u0119 dalszych bada\u0144, \u015bwiadomo\u015bci spo\u0142ecznej i strategii zapobiegawczych w celu rozwi\u0105zania tego narastaj\u0105cego problemu zdrowia publicznego. <\/p>\n<p>Wi\u0119cej informacji mo\u017cna znale\u017a\u0107 na stronie<strong> myopianetwork.eu<\/strong><\/p>\n<p>Poradnia okulistyczna dla dzieci w Owin\u0301skach, Pl. Przemys\u0142awa 9, prowadzona przez prof. Andrzeja Grzybowskiego wykonuje bezp\u0142atne badania kontrolne w ramach NFZ. Do odbycia wizyty niezbe\u0328dne jest skierowanie od lekarza rodzinnego. Rejestracja odbywa si\u0119 telefonicznie (tel. 572-295-050) w godz.    16.00-17.30.<\/p>\n<p><em><strong>Autor:<\/strong><\/em><\/p>\n<p>Prof. dr hab. med. Andrzej Grzybowski  <\/p>\n<p>Kierownik Katedry Okulistyki, Uniwersytet Warmi\u0144sko-Mazurski, Olsztyn<\/p>\n<p>Kierownik Instytutu Okulistycznych Bada\u0144 Naukowych, Fundacja Okulistyka 21, Pozna\u0144<\/p>\n","protected":false},"excerpt":{"rendered":"<p>Artyku\u0142 zosta\u0142 opracowany w ramach projektu pt.: Kampania edukacyjna dotycz\u0105ca kr\u00f3tkowzroczno\u015bci wraz z badaniami przesiewowymi wzroku dzieci w wieku przedszkolnym i szkolnym w powiecie pozna\u0144skim, wsp\u00f3\u0142finansowanego ze \u015brodk\u00f3w Powiatu Pozna\u0144skiego Kr\u00f3tkowzroczno\u015b\u0107 jest powszechn\u0105 wad\u0105 wzroku charakteryzuj\u0105c\u0105 si\u0119 niezdolno\u015bci\u0105 do wyra\u017anego widzenia odleg\u0142ych obiekt\u00f3w. Cz\u0119sto\u015b\u0107 wyst\u0119powania kr\u00f3tkowzroczno\u015bci wzrasta na ca\u0142ym \u015bwiecie, szczeg\u00f3lnie w\u015br\u00f3d dzieci, co czyni&#8230;<\/p>\n","protected":false},"author":8,"featured_media":1728,"comment_status":"closed","ping_status":"closed","sticky":false,"template":"","format":"standard","meta":{"_acf_changed":false,"footnotes":""},"categories":[23,24],"tags":[],"class_list":["post-1939","post","type-post","status-publish","format-standard","has-post-thumbnail","hentry","category-artykul-pl","category-polish-pl"],"acf":[],"yoast_head":"<!-- This site is optimized with the Yoast SEO plugin v25.3 - https:\/\/yoast.com\/wordpress\/plugins\/seo\/ -->\n<title>Epidemiologia kr\u00f3tkowzroczno\u015bci - Fundacja &quot;Okulistyka 21&quot;<\/title>\n<meta name=\"description\" content=\"Wzrost przypadk\u00f3w kr\u00f3tkowzroczno\u015bci u dzieci globalnie, z alarmuj\u0105cymi wska\u017anikami w Azji. Wa\u017cne strategie zapobiegawcze.\" \/>\n<meta name=\"robots\" content=\"index, follow, max-snippet:-1, max-image-preview:large, max-video-preview:-1\" \/>\n<link rel=\"canonical\" href=\"https:\/\/myopianetwork.eu\/pl\/epidemiologia-krotkowzrocznosci\/\" \/>\n<meta property=\"og:locale\" content=\"pl_PL\" \/>\n<meta property=\"og:type\" content=\"article\" \/>\n<meta property=\"og:title\" content=\"Epidemiologia kr\u00f3tkowzroczno\u015bci - Fundacja &quot;Okulistyka 21&quot;\" \/>\n<meta property=\"og:description\" content=\"Wzrost przypadk\u00f3w kr\u00f3tkowzroczno\u015bci u dzieci globalnie, z alarmuj\u0105cymi wska\u017anikami w Azji. Wa\u017cne strategie zapobiegawcze.\" \/>\n<meta property=\"og:url\" content=\"https:\/\/myopianetwork.eu\/pl\/epidemiologia-krotkowzrocznosci\/\" \/>\n<meta property=\"og:site_name\" content=\"Fundacja &quot;Okulistyka 21&quot;\" \/>\n<meta property=\"article:published_time\" content=\"2023-05-23T13:19:07+00:00\" \/>\n<meta property=\"og:image\" content=\"https:\/\/myopianetwork.eu\/wp-content\/uploads\/2023\/05\/Projekt-bez-nazwy-2-1.jpg\" \/>\n\t<meta property=\"og:image:width\" content=\"500\" \/>\n\t<meta property=\"og:image:height\" content=\"500\" \/>\n\t<meta property=\"og:image:type\" content=\"image\/jpeg\" \/>\n<meta name=\"author\" content=\"edytor\" \/>\n<meta name=\"twitter:card\" content=\"summary_large_image\" \/>\n<meta name=\"twitter:label1\" content=\"Napisane przez\" \/>\n\t<meta name=\"twitter:data1\" content=\"edytor\" \/>\n\t<meta name=\"twitter:label2\" content=\"Szacowany czas czytania\" \/>\n\t<meta name=\"twitter:data2\" content=\"5 minut\" \/>\n<script type=\"application\/ld+json\" class=\"yoast-schema-graph\">{\"@context\":\"https:\/\/schema.org\",\"@graph\":[{\"@type\":\"Article\",\"@id\":\"https:\/\/myopianetwork.eu\/pl\/epidemiologia-krotkowzrocznosci\/#article\",\"isPartOf\":{\"@id\":\"https:\/\/myopianetwork.eu\/pl\/epidemiologia-krotkowzrocznosci\/\"},\"author\":{\"name\":\"edytor\",\"@id\":\"https:\/\/myopianetwork.eu\/pl\/#\/schema\/person\/4e6bbb453c1a16947fee28fc2635d140\"},\"headline\":\"Epidemiologia kr\u00f3tkowzroczno\u015bci\",\"datePublished\":\"2023-05-23T13:19:07+00:00\",\"mainEntityOfPage\":{\"@id\":\"https:\/\/myopianetwork.eu\/pl\/epidemiologia-krotkowzrocznosci\/\"},\"wordCount\":1044,\"publisher\":{\"@id\":\"https:\/\/myopianetwork.eu\/pl\/#organization\"},\"image\":{\"@id\":\"https:\/\/myopianetwork.eu\/pl\/epidemiologia-krotkowzrocznosci\/#primaryimage\"},\"thumbnailUrl\":\"https:\/\/myopianetwork.eu\/wp-content\/uploads\/2023\/05\/Projekt-bez-nazwy-2-1.jpg\",\"articleSection\":[\"Artyku\u0142\",\"Polish\"],\"inLanguage\":\"pl-PL\"},{\"@type\":\"WebPage\",\"@id\":\"https:\/\/myopianetwork.eu\/pl\/epidemiologia-krotkowzrocznosci\/\",\"url\":\"https:\/\/myopianetwork.eu\/pl\/epidemiologia-krotkowzrocznosci\/\",\"name\":\"Epidemiologia kr\u00f3tkowzroczno\u015bci - Fundacja &quot;Okulistyka 21&quot;\",\"isPartOf\":{\"@id\":\"https:\/\/myopianetwork.eu\/pl\/#website\"},\"primaryImageOfPage\":{\"@id\":\"https:\/\/myopianetwork.eu\/pl\/epidemiologia-krotkowzrocznosci\/#primaryimage\"},\"image\":{\"@id\":\"https:\/\/myopianetwork.eu\/pl\/epidemiologia-krotkowzrocznosci\/#primaryimage\"},\"thumbnailUrl\":\"https:\/\/myopianetwork.eu\/wp-content\/uploads\/2023\/05\/Projekt-bez-nazwy-2-1.jpg\",\"datePublished\":\"2023-05-23T13:19:07+00:00\",\"description\":\"Wzrost przypadk\u00f3w kr\u00f3tkowzroczno\u015bci u dzieci globalnie, z alarmuj\u0105cymi wska\u017anikami w Azji. Wa\u017cne strategie zapobiegawcze.\",\"breadcrumb\":{\"@id\":\"https:\/\/myopianetwork.eu\/pl\/epidemiologia-krotkowzrocznosci\/#breadcrumb\"},\"inLanguage\":\"pl-PL\",\"potentialAction\":[{\"@type\":\"ReadAction\",\"target\":[\"https:\/\/myopianetwork.eu\/pl\/epidemiologia-krotkowzrocznosci\/\"]}]},{\"@type\":\"ImageObject\",\"inLanguage\":\"pl-PL\",\"@id\":\"https:\/\/myopianetwork.eu\/pl\/epidemiologia-krotkowzrocznosci\/#primaryimage\",\"url\":\"https:\/\/myopianetwork.eu\/wp-content\/uploads\/2023\/05\/Projekt-bez-nazwy-2-1.jpg\",\"contentUrl\":\"https:\/\/myopianetwork.eu\/wp-content\/uploads\/2023\/05\/Projekt-bez-nazwy-2-1.jpg\",\"width\":500,\"height\":500,\"caption\":\"Epidemiologia kr\u00f3tkowzroczno\u015bci (1)\"},{\"@type\":\"BreadcrumbList\",\"@id\":\"https:\/\/myopianetwork.eu\/pl\/epidemiologia-krotkowzrocznosci\/#breadcrumb\",\"itemListElement\":[{\"@type\":\"ListItem\",\"position\":1,\"name\":\"Strona g\u0142\u00f3wna\",\"item\":\"https:\/\/myopianetwork.eu\/pl\/\"},{\"@type\":\"ListItem\",\"position\":2,\"name\":\"Epidemiologia kr\u00f3tkowzroczno\u015bci\"}]},{\"@type\":\"WebSite\",\"@id\":\"https:\/\/myopianetwork.eu\/pl\/#website\",\"url\":\"https:\/\/myopianetwork.eu\/pl\/\",\"name\":\"Fundacja \\\"Okulistyka 21\\\"\",\"description\":\"\",\"publisher\":{\"@id\":\"https:\/\/myopianetwork.eu\/pl\/#organization\"},\"potentialAction\":[{\"@type\":\"SearchAction\",\"target\":{\"@type\":\"EntryPoint\",\"urlTemplate\":\"https:\/\/myopianetwork.eu\/pl\/?s={search_term_string}\"},\"query-input\":{\"@type\":\"PropertyValueSpecification\",\"valueRequired\":true,\"valueName\":\"search_term_string\"}}],\"inLanguage\":\"pl-PL\"},{\"@type\":\"Organization\",\"@id\":\"https:\/\/myopianetwork.eu\/pl\/#organization\",\"name\":\"Fundacja \\\"Okulistyka 21\\\"\",\"url\":\"https:\/\/myopianetwork.eu\/pl\/\",\"logo\":{\"@type\":\"ImageObject\",\"inLanguage\":\"pl-PL\",\"@id\":\"https:\/\/myopianetwork.eu\/pl\/#\/schema\/logo\/image\/\",\"url\":\"https:\/\/myopianetwork.eu\/wp-content\/uploads\/2021\/10\/MYOPIA.png\",\"contentUrl\":\"https:\/\/myopianetwork.eu\/wp-content\/uploads\/2021\/10\/MYOPIA.png\",\"width\":1229,\"height\":263,\"caption\":\"Fundacja \\\"Okulistyka 21\\\"\"},\"image\":{\"@id\":\"https:\/\/myopianetwork.eu\/pl\/#\/schema\/logo\/image\/\"}},{\"@type\":\"Person\",\"@id\":\"https:\/\/myopianetwork.eu\/pl\/#\/schema\/person\/4e6bbb453c1a16947fee28fc2635d140\",\"name\":\"edytor\",\"image\":{\"@type\":\"ImageObject\",\"inLanguage\":\"pl-PL\",\"@id\":\"https:\/\/myopianetwork.eu\/pl\/#\/schema\/person\/image\/\",\"url\":\"https:\/\/secure.gravatar.com\/avatar\/d4c9dc2866e83e1d1e67db881e936211414bc0477240d288bd5ae67777a67660?s=96&d=mm&r=g\",\"contentUrl\":\"https:\/\/secure.gravatar.com\/avatar\/d4c9dc2866e83e1d1e67db881e936211414bc0477240d288bd5ae67777a67660?s=96&d=mm&r=g\",\"caption\":\"edytor\"}}]}<\/script>\n<!-- \/ Yoast SEO plugin. -->","yoast_head_json":{"title":"Epidemiologia kr\u00f3tkowzroczno\u015bci - Fundacja &quot;Okulistyka 21&quot;","description":"Wzrost przypadk\u00f3w kr\u00f3tkowzroczno\u015bci u dzieci globalnie, z alarmuj\u0105cymi wska\u017anikami w Azji. Wa\u017cne strategie zapobiegawcze.","robots":{"index":"index","follow":"follow","max-snippet":"max-snippet:-1","max-image-preview":"max-image-preview:large","max-video-preview":"max-video-preview:-1"},"canonical":"https:\/\/myopianetwork.eu\/pl\/epidemiologia-krotkowzrocznosci\/","og_locale":"pl_PL","og_type":"article","og_title":"Epidemiologia kr\u00f3tkowzroczno\u015bci - Fundacja &quot;Okulistyka 21&quot;","og_description":"Wzrost przypadk\u00f3w kr\u00f3tkowzroczno\u015bci u dzieci globalnie, z alarmuj\u0105cymi wska\u017anikami w Azji. Wa\u017cne strategie zapobiegawcze.","og_url":"https:\/\/myopianetwork.eu\/pl\/epidemiologia-krotkowzrocznosci\/","og_site_name":"Fundacja &quot;Okulistyka 21&quot;","article_published_time":"2023-05-23T13:19:07+00:00","og_image":[{"width":500,"height":500,"url":"https:\/\/myopianetwork.eu\/wp-content\/uploads\/2023\/05\/Projekt-bez-nazwy-2-1.jpg","type":"image\/jpeg"}],"author":"edytor","twitter_card":"summary_large_image","twitter_misc":{"Napisane przez":"edytor","Szacowany czas czytania":"5 minut"},"schema":{"@context":"https:\/\/schema.org","@graph":[{"@type":"Article","@id":"https:\/\/myopianetwork.eu\/pl\/epidemiologia-krotkowzrocznosci\/#article","isPartOf":{"@id":"https:\/\/myopianetwork.eu\/pl\/epidemiologia-krotkowzrocznosci\/"},"author":{"name":"edytor","@id":"https:\/\/myopianetwork.eu\/pl\/#\/schema\/person\/4e6bbb453c1a16947fee28fc2635d140"},"headline":"Epidemiologia kr\u00f3tkowzroczno\u015bci","datePublished":"2023-05-23T13:19:07+00:00","mainEntityOfPage":{"@id":"https:\/\/myopianetwork.eu\/pl\/epidemiologia-krotkowzrocznosci\/"},"wordCount":1044,"publisher":{"@id":"https:\/\/myopianetwork.eu\/pl\/#organization"},"image":{"@id":"https:\/\/myopianetwork.eu\/pl\/epidemiologia-krotkowzrocznosci\/#primaryimage"},"thumbnailUrl":"https:\/\/myopianetwork.eu\/wp-content\/uploads\/2023\/05\/Projekt-bez-nazwy-2-1.jpg","articleSection":["Artyku\u0142","Polish"],"inLanguage":"pl-PL"},{"@type":"WebPage","@id":"https:\/\/myopianetwork.eu\/pl\/epidemiologia-krotkowzrocznosci\/","url":"https:\/\/myopianetwork.eu\/pl\/epidemiologia-krotkowzrocznosci\/","name":"Epidemiologia kr\u00f3tkowzroczno\u015bci - Fundacja &quot;Okulistyka 21&quot;","isPartOf":{"@id":"https:\/\/myopianetwork.eu\/pl\/#website"},"primaryImageOfPage":{"@id":"https:\/\/myopianetwork.eu\/pl\/epidemiologia-krotkowzrocznosci\/#primaryimage"},"image":{"@id":"https:\/\/myopianetwork.eu\/pl\/epidemiologia-krotkowzrocznosci\/#primaryimage"},"thumbnailUrl":"https:\/\/myopianetwork.eu\/wp-content\/uploads\/2023\/05\/Projekt-bez-nazwy-2-1.jpg","datePublished":"2023-05-23T13:19:07+00:00","description":"Wzrost przypadk\u00f3w kr\u00f3tkowzroczno\u015bci u dzieci globalnie, z alarmuj\u0105cymi wska\u017anikami w Azji. Wa\u017cne strategie zapobiegawcze.","breadcrumb":{"@id":"https:\/\/myopianetwork.eu\/pl\/epidemiologia-krotkowzrocznosci\/#breadcrumb"},"inLanguage":"pl-PL","potentialAction":[{"@type":"ReadAction","target":["https:\/\/myopianetwork.eu\/pl\/epidemiologia-krotkowzrocznosci\/"]}]},{"@type":"ImageObject","inLanguage":"pl-PL","@id":"https:\/\/myopianetwork.eu\/pl\/epidemiologia-krotkowzrocznosci\/#primaryimage","url":"https:\/\/myopianetwork.eu\/wp-content\/uploads\/2023\/05\/Projekt-bez-nazwy-2-1.jpg","contentUrl":"https:\/\/myopianetwork.eu\/wp-content\/uploads\/2023\/05\/Projekt-bez-nazwy-2-1.jpg","width":500,"height":500,"caption":"Epidemiologia kr\u00f3tkowzroczno\u015bci (1)"},{"@type":"BreadcrumbList","@id":"https:\/\/myopianetwork.eu\/pl\/epidemiologia-krotkowzrocznosci\/#breadcrumb","itemListElement":[{"@type":"ListItem","position":1,"name":"Strona g\u0142\u00f3wna","item":"https:\/\/myopianetwork.eu\/pl\/"},{"@type":"ListItem","position":2,"name":"Epidemiologia kr\u00f3tkowzroczno\u015bci"}]},{"@type":"WebSite","@id":"https:\/\/myopianetwork.eu\/pl\/#website","url":"https:\/\/myopianetwork.eu\/pl\/","name":"Fundacja \"Okulistyka 21\"","description":"","publisher":{"@id":"https:\/\/myopianetwork.eu\/pl\/#organization"},"potentialAction":[{"@type":"SearchAction","target":{"@type":"EntryPoint","urlTemplate":"https:\/\/myopianetwork.eu\/pl\/?s={search_term_string}"},"query-input":{"@type":"PropertyValueSpecification","valueRequired":true,"valueName":"search_term_string"}}],"inLanguage":"pl-PL"},{"@type":"Organization","@id":"https:\/\/myopianetwork.eu\/pl\/#organization","name":"Fundacja \"Okulistyka 21\"","url":"https:\/\/myopianetwork.eu\/pl\/","logo":{"@type":"ImageObject","inLanguage":"pl-PL","@id":"https:\/\/myopianetwork.eu\/pl\/#\/schema\/logo\/image\/","url":"https:\/\/myopianetwork.eu\/wp-content\/uploads\/2021\/10\/MYOPIA.png","contentUrl":"https:\/\/myopianetwork.eu\/wp-content\/uploads\/2021\/10\/MYOPIA.png","width":1229,"height":263,"caption":"Fundacja \"Okulistyka 21\""},"image":{"@id":"https:\/\/myopianetwork.eu\/pl\/#\/schema\/logo\/image\/"}},{"@type":"Person","@id":"https:\/\/myopianetwork.eu\/pl\/#\/schema\/person\/4e6bbb453c1a16947fee28fc2635d140","name":"edytor","image":{"@type":"ImageObject","inLanguage":"pl-PL","@id":"https:\/\/myopianetwork.eu\/pl\/#\/schema\/person\/image\/","url":"https:\/\/secure.gravatar.com\/avatar\/d4c9dc2866e83e1d1e67db881e936211414bc0477240d288bd5ae67777a67660?s=96&d=mm&r=g","contentUrl":"https:\/\/secure.gravatar.com\/avatar\/d4c9dc2866e83e1d1e67db881e936211414bc0477240d288bd5ae67777a67660?s=96&d=mm&r=g","caption":"edytor"}}]}},"_links":{"self":[{"href":"https:\/\/myopianetwork.eu\/pl\/wp-json\/wp\/v2\/posts\/1939","targetHints":{"allow":["GET"]}}],"collection":[{"href":"https:\/\/myopianetwork.eu\/pl\/wp-json\/wp\/v2\/posts"}],"about":[{"href":"https:\/\/myopianetwork.eu\/pl\/wp-json\/wp\/v2\/types\/post"}],"author":[{"embeddable":true,"href":"https:\/\/myopianetwork.eu\/pl\/wp-json\/wp\/v2\/users\/8"}],"replies":[{"embeddable":true,"href":"https:\/\/myopianetwork.eu\/pl\/wp-json\/wp\/v2\/comments?post=1939"}],"version-history":[{"count":0,"href":"https:\/\/myopianetwork.eu\/pl\/wp-json\/wp\/v2\/posts\/1939\/revisions"}],"wp:featuredmedia":[{"embeddable":true,"href":"https:\/\/myopianetwork.eu\/pl\/wp-json\/wp\/v2\/media\/1728"}],"wp:attachment":[{"href":"https:\/\/myopianetwork.eu\/pl\/wp-json\/wp\/v2\/media?parent=1939"}],"wp:term":[{"taxonomy":"category","embeddable":true,"href":"https:\/\/myopianetwork.eu\/pl\/wp-json\/wp\/v2\/categories?post=1939"},{"taxonomy":"post_tag","embeddable":true,"href":"https:\/\/myopianetwork.eu\/pl\/wp-json\/wp\/v2\/tags?post=1939"}],"curies":[{"name":"wp","href":"https:\/\/api.w.org\/{rel}","templated":true}]}}